{"id":927,"date":"2020-05-04T12:56:24","date_gmt":"2020-05-04T18:56:24","guid":{"rendered":"https:\/\/www.newsmillenium.com\/?p=927"},"modified":"2020-05-04T12:56:44","modified_gmt":"2020-05-04T18:56:44","slug":"endurecen-medidas-en-centros-penales","status":"publish","type":"post","link":"https:\/\/www.newsmillenium.com\/index.php\/2020\/05\/04\/endurecen-medidas-en-centros-penales\/","title":{"rendered":"Endurecen medidas en centros penales"},"content":{"rendered":"\n<p>La Direcci\u00f3n General de Centros Penales, increment\u00f3 medidas en siete\npenales de alta seguridad donde guardan prisi\u00f3n miembros de pandillas. Una de\nestas disposiciones es sellar celdas para bloquear todo tipo de comunicaci\u00f3n\nentre los reclusos<\/p>\n\n\n\n<p>\u201cEsta medida es por tiempo indefinido y ninguna celda va a tener\nvisualizaci\u00f3n. Van a estar selladas y los reclusos no van a tener contacto\nvisual de un pasillo a otro, ni entre celdas\u201d, destac\u00f3 el viceministro de\nJusticia y director General de Centros Penales ad honorem, Osiris Luna Meza<\/p>\n\n\n\n<p>El viceministro Osiris Luna Meza detall\u00f3&nbsp; que otra medida ejecutada\nante el incremento de asesinatos, cometidos hace varios dias, miembros de\ndistintas pandillas fueron encerrados en la misma celda, con el fin de limitar\ncomunicaciones entre el mismo bando.&nbsp;<\/p>\n\n\n\n<p>Bajo este r\u00e9gimen estar\u00e1n aproximadamente 16 mil pandilleros en los\nsiete penales.<\/p>\n","protected":false},"excerpt":{"rendered":"<p>La Direcci\u00f3n General de Centros Penales, increment\u00f3 medidas en siete penales de alta seguridad donde guardan prisi\u00f3n miembros de pandillas. Una de estas disposiciones es sellar celdas para bloquear todo tipo de comunicaci\u00f3n entre los reclusos \u201cEsta medida es por tiempo indefinido y ninguna celda va a tener visualizaci\u00f3n. Van a estar selladas y los [&hellip;]<\/p>\n","protected":false},"author":2,"featured_media":928,"comment_status":"open","ping_status":"open","sticky":false,"template":"","format":"standard","meta":{"tdm_status":"","tdm_grid_status":"","footnotes":""},"categories":[14,4],"tags":[],"class_list":{"0":"post-927","1":"post","2":"type-post","3":"status-publish","4":"format-standard","5":"has-post-thumbnail","7":"category-destacads","8":"category-elsalvador"},"jetpack_featured_media_url":"https:\/\/www.newsmillenium.com\/wp-content\/uploads\/2020\/05\/portada-1-osiris.jpg","amp_enabled":true,"_links":{"self":[{"href":"https:\/\/www.newsmillenium.com\/index.php\/wp-json\/wp\/v2\/posts\/927","targetHints":{"allow":["GET"]}}],"collection":[{"href":"https:\/\/www.newsmillenium.com\/index.php\/wp-json\/wp\/v2\/posts"}],"about":[{"href":"https:\/\/www.newsmillenium.com\/index.php\/wp-json\/wp\/v2\/types\/post"}],"author":[{"embeddable":true,"href":"https:\/\/www.newsmillenium.com\/index.php\/wp-json\/wp\/v2\/users\/2"}],"replies":[{"embeddable":true,"href":"https:\/\/www.newsmillenium.com\/index.php\/wp-json\/wp\/v2\/comments?post=927"}],"version-history":[{"count":1,"href":"https:\/\/www.newsmillenium.com\/index.php\/wp-json\/wp\/v2\/posts\/927\/revisions"}],"predecessor-version":[{"id":929,"href":"https:\/\/www.newsmillenium.com\/index.php\/wp-json\/wp\/v2\/posts\/927\/revisions\/929"}],"wp:featuredmedia":[{"embeddable":true,"href":"https:\/\/www.newsmillenium.com\/index.php\/wp-json\/wp\/v2\/media\/928"}],"wp:attachment":[{"href":"https:\/\/www.newsmillenium.com\/index.php\/wp-json\/wp\/v2\/media?parent=927"}],"wp:term":[{"taxonomy":"category","embeddable":true,"href":"https:\/\/www.newsmillenium.com\/index.php\/wp-json\/wp\/v2\/categories?post=927"},{"taxonomy":"post_tag","embeddable":true,"href":"https:\/\/www.newsmillenium.com\/index.php\/wp-json\/wp\/v2\/tags?post=927"}],"curies":[{"name":"wp","href":"https:\/\/api.w.org\/{rel}","templated":true}]}}