{"id":8858,"date":"2022-01-12T11:45:27","date_gmt":"2022-01-12T17:45:27","guid":{"rendered":"https:\/\/www.newsmillenium.com\/?p=8858"},"modified":"2022-01-12T11:45:30","modified_gmt":"2022-01-12T17:45:30","slug":"el-16-de-enero-se-debe-recordar-a-las-victimas-del-conflicto","status":"publish","type":"post","link":"https:\/\/www.newsmillenium.com\/index.php\/2022\/01\/12\/el-16-de-enero-se-debe-recordar-a-las-victimas-del-conflicto\/","title":{"rendered":"El 16 de enero se debe recordar a las v\u00edctimas del conflicto"},"content":{"rendered":"\n<p>El presidente de la Asamblea Legislativa, Ernesto Castro, se refiri\u00f3, a la conmemoraci\u00f3n de los Acuerdos de Paz, que se realiza cada 16 de enero.<\/p>\n\n\n\n<p>\u00abNo vamos a conmemorar a quienes firmaron los Acuerdos de Paz (FMLN-ARENA), porque ellos establecieron un pacto de amnist\u00eda. Se perdonaron a s\u00ed mismos sus pecados. Lo que establecieron no llev\u00f3 la paz a las comunidades. Vamos a recordar con respeto a las v\u00edctimas del conflicto. Eso s\u00ed\u00bb, se\u00f1al\u00f3 Castro.<\/p>\n\n\n\n<p>Para el legislador, los Acuerdos de Paz solo fue un pacto de amnist\u00eda, un acuerdo que se hizo bajo la mesa para protegerse entre los dos bandos.<\/p>\n\n\n\n<p>Castro manifest\u00f3 que, debido a eso, durante la Sesi\u00f3n Plenaria de esta semana, se abord\u00f3 el tema de la conmemoraci\u00f3n de la firma de los Acuerdos de Paz.<\/p>\n\n\n\n<p>En el a\u00f1o 2016, la Sala de lo Constitucional declar\u00f3 que el esp\u00edritu de la Ley de Amnist\u00eda era contrario a la Constituci\u00f3n de la Rep\u00fablica en cuanto al derecho de acceso a la justicia, tutela judicial o protecci\u00f3n de los derechos fundamentales de v\u00edctimas de cr\u00edmenes de lesa humanidad, por lo cual derogaron la ley.<\/p>\n\n\n\n<p>En vez de conmemorar ese pacto que acab\u00f3 con 12 a\u00f1os de guerra en El Salvador, los diputados aprobaron que se designe el 16 de enero de cada a\u00f1o como \u201cel D\u00eda Nacional de las V\u00edctimas del Conflicto Armado\u201d.<\/p>\n\n\n\n<p>Con 62 votos a favor y 18 en contra, la Asamblea Legislativa liderada por el oficialismo aval\u00f3 la iniciativa tras tensas intervenciones que se dieron en el pleno por parte de las fracciones afines a Nayib Bukele y del FMLN.<\/p>\n\n\n\n<p>Seg\u00fan el jefe de la bancada de Nuevas Ideas, no permitir\u00e1n que los partidos que participaron de la firma de la paz en 1992 \u201cse sigan autoglorificando con un pacto donde solo salieron beneficiados ellos. Y donde los salvadore\u00f1os siguieron en las mismas condiciones de pobreza, injusticia y abandono\u201d.<\/p>\n","protected":false},"excerpt":{"rendered":"<p>El presidente de la Asamblea Legislativa, Ernesto Castro, se refiri\u00f3, a la conmemoraci\u00f3n de los Acuerdos de Paz, que se realiza cada 16 de enero. \u00abNo vamos a conmemorar a quienes firmaron los Acuerdos de Paz (FMLN-ARENA), porque ellos establecieron un pacto de amnist\u00eda. Se perdonaron a s\u00ed mismos sus pecados. Lo que establecieron no [&hellip;]<\/p>\n","protected":false},"author":2,"featured_media":8859,"comment_status":"open","ping_status":"open","sticky":false,"template":"","format":"standard","meta":{"tdm_status":"","tdm_grid_status":"","footnotes":""},"categories":[4],"tags":[],"class_list":{"0":"post-8858","1":"post","2":"type-post","3":"status-publish","4":"format-standard","5":"has-post-thumbnail","7":"category-elsalvador"},"jetpack_featured_media_url":"https:\/\/www.newsmillenium.com\/wp-content\/uploads\/2022\/01\/portada-1-EM-AL.jpg","amp_enabled":true,"_links":{"self":[{"href":"https:\/\/www.newsmillenium.com\/index.php\/wp-json\/wp\/v2\/posts\/8858","targetHints":{"allow":["GET"]}}],"collection":[{"href":"https:\/\/www.newsmillenium.com\/index.php\/wp-json\/wp\/v2\/posts"}],"about":[{"href":"https:\/\/www.newsmillenium.com\/index.php\/wp-json\/wp\/v2\/types\/post"}],"author":[{"embeddable":true,"href":"https:\/\/www.newsmillenium.com\/index.php\/wp-json\/wp\/v2\/users\/2"}],"replies":[{"embeddable":true,"href":"https:\/\/www.newsmillenium.com\/index.php\/wp-json\/wp\/v2\/comments?post=8858"}],"version-history":[{"count":1,"href":"https:\/\/www.newsmillenium.com\/index.php\/wp-json\/wp\/v2\/posts\/8858\/revisions"}],"predecessor-version":[{"id":8860,"href":"https:\/\/www.newsmillenium.com\/index.php\/wp-json\/wp\/v2\/posts\/8858\/revisions\/8860"}],"wp:featuredmedia":[{"embeddable":true,"href":"https:\/\/www.newsmillenium.com\/index.php\/wp-json\/wp\/v2\/media\/8859"}],"wp:attachment":[{"href":"https:\/\/www.newsmillenium.com\/index.php\/wp-json\/wp\/v2\/media?parent=8858"}],"wp:term":[{"taxonomy":"category","embeddable":true,"href":"https:\/\/www.newsmillenium.com\/index.php\/wp-json\/wp\/v2\/categories?post=8858"},{"taxonomy":"post_tag","embeddable":true,"href":"https:\/\/www.newsmillenium.com\/index.php\/wp-json\/wp\/v2\/tags?post=8858"}],"curies":[{"name":"wp","href":"https:\/\/api.w.org\/{rel}","templated":true}]}}