{"id":8239,"date":"2021-11-24T15:35:26","date_gmt":"2021-11-24T21:35:26","guid":{"rendered":"https:\/\/www.newsmillenium.com\/?p=8239"},"modified":"2021-11-24T15:35:31","modified_gmt":"2021-11-24T21:35:31","slug":"jugadores-de-la-seleccion-de-playa-son-nombrados-hijos-meritisimos","status":"publish","type":"post","link":"https:\/\/www.newsmillenium.com\/index.php\/2021\/11\/24\/jugadores-de-la-seleccion-de-playa-son-nombrados-hijos-meritisimos\/","title":{"rendered":"Jugadores de la selecci\u00f3n de playa son nombrados hijos merit\u00edsimos"},"content":{"rendered":"\n<p>Los integrantes de la Selecta recibieron de parte de la Asamblea Legislativa la distinci\u00f3n honor\u00edfica de \u201chijos merit\u00edsimos de El Salvador\u201d.<\/p>\n\n\n\n<p>La entrega, efectuada en el Sal\u00f3n Azul, estuvo a cargo del presidente de la Asamblea Legislativa, diputado Ernesto Castro, quien destac\u00f3 la labor de los jugadores nacionales.<\/p>\n\n\n\n<p>\u201cEs un gusto estar ac\u00e1, les doy la m\u00e1s cordial bienvenida, para los 84 diputados estoy seguro que es un honor tenerlos aqu\u00ed\u201d, dijo Castro, quien aclar\u00f3 que &#8220;no se los estamos dando solo por el hecho de que quedaron campeones de Concacaf, sino por lo que ustedes representan, ese sacrificio que han hecho ustedes y sus familias&#8221;.<\/p>\n\n\n\n<p>El presidente de la Asamblea Legislativa dijo que nuestros jugadores tuvieron una representaci\u00f3n digna en la Copa del Mundo de Rusia, y que como salvadore\u00f1os nos sentimos orgullosos.<\/p>\n\n\n\n<p>Eliodoro Portillo, en calidad de capit\u00e1n del equipo nacional, agradeci\u00f3 el homenaje.<\/p>\n\n\n\n<p>\u201cC\u00f3mo seleccionados nacionales nos sentimos muy felices porque es un d\u00eda que marca nuestra historia poder recibir la m\u00e1s alta distinci\u00f3n, ser nombrados hijos merit\u00edsimos de El Salvador. Les agradecemos que han tenido a bien seguir el trabajo de esta selecci\u00f3n, es para nosotros de mucho orgullo que esto se agregue a nuestro palmar\u00e9s\u201d, coment\u00f3 Portillo, quien agreg\u00f3 que \u201ccon mucho orgullo hemos representado a nuestros colores y lo vamos a seguir haciendo\u201d.<\/p>\n\n\n\n<p>En Costa Rica, la selecci\u00f3n de El Salvador se coron\u00f3 campeona invicta de la Confederaci\u00f3n Norte, Centroamericana y del Caribe de F\u00fatbol (Concacaf), con lo que asegur\u00f3 su boleto para asistir a la Copa Mundial de Beach Soccer de la FIFA Rusia 2021.<\/p>\n\n\n\n<p>Esta fue la quinta vez que la Selecta playera asisti\u00f3 a una cita mundialista, pues ya antes hab\u00eda estado en Marsella 2008, Dub\u00e1i 2009, R\u00e1vena 2011 y Tahit\u00ed 2013.&nbsp;<\/p>\n\n\n\n<figure class=\"wp-block-image size-large td-caption-align-https:\/\/www.newsmillenium.com\/wp-content\/uploads\/2021\/11\/portada-1-SELECCIONADOS-DE-FUTBOL-PLAYA-EN-ASAMBLEA-LEGISLATIVA-32-scaled.jpg\"><img loading=\"lazy\" decoding=\"async\" width=\"1024\" height=\"594\" src=\"https:\/\/www.newsmillenium.com\/wp-content\/uploads\/2021\/11\/portada-1-SELECCIONADOS-DE-FUTBOL-PLAYA-EN-ASAMBLEA-LEGISLATIVA-32-1024x594.jpg\" alt=\"\" class=\"wp-image-8241\" srcset=\"https:\/\/www.newsmillenium.com\/wp-content\/uploads\/2021\/11\/portada-1-SELECCIONADOS-DE-FUTBOL-PLAYA-EN-ASAMBLEA-LEGISLATIVA-32-1024x594.jpg 1024w, https:\/\/www.newsmillenium.com\/wp-content\/uploads\/2021\/11\/portada-1-SELECCIONADOS-DE-FUTBOL-PLAYA-EN-ASAMBLEA-LEGISLATIVA-32-300x174.jpg 300w, https:\/\/www.newsmillenium.com\/wp-content\/uploads\/2021\/11\/portada-1-SELECCIONADOS-DE-FUTBOL-PLAYA-EN-ASAMBLEA-LEGISLATIVA-32-768x446.jpg 768w, https:\/\/www.newsmillenium.com\/wp-content\/uploads\/2021\/11\/portada-1-SELECCIONADOS-DE-FUTBOL-PLAYA-EN-ASAMBLEA-LEGISLATIVA-32-1536x891.jpg 1536w, https:\/\/www.newsmillenium.com\/wp-content\/uploads\/2021\/11\/portada-1-SELECCIONADOS-DE-FUTBOL-PLAYA-EN-ASAMBLEA-LEGISLATIVA-32-2048x1189.jpg 2048w, https:\/\/www.newsmillenium.com\/wp-content\/uploads\/2021\/11\/portada-1-SELECCIONADOS-DE-FUTBOL-PLAYA-EN-ASAMBLEA-LEGISLATIVA-32-696x404.jpg 696w, https:\/\/www.newsmillenium.com\/wp-content\/uploads\/2021\/11\/portada-1-SELECCIONADOS-DE-FUTBOL-PLAYA-EN-ASAMBLEA-LEGISLATIVA-32-1068x620.jpg 1068w, https:\/\/www.newsmillenium.com\/wp-content\/uploads\/2021\/11\/portada-1-SELECCIONADOS-DE-FUTBOL-PLAYA-EN-ASAMBLEA-LEGISLATIVA-32-1920x1114.jpg 1920w, https:\/\/www.newsmillenium.com\/wp-content\/uploads\/2021\/11\/portada-1-SELECCIONADOS-DE-FUTBOL-PLAYA-EN-ASAMBLEA-LEGISLATIVA-32-724x420.jpg 724w\" sizes=\"auto, (max-width: 1024px) 100vw, 1024px\" \/><\/figure>\n","protected":false},"excerpt":{"rendered":"<p>Los integrantes de la Selecta recibieron de parte de la Asamblea Legislativa la distinci\u00f3n honor\u00edfica de \u201chijos merit\u00edsimos de El Salvador\u201d. La entrega, efectuada en el Sal\u00f3n Azul, estuvo a cargo del presidente de la Asamblea Legislativa, diputado Ernesto Castro, quien destac\u00f3 la labor de los jugadores nacionales. \u201cEs un gusto estar ac\u00e1, les doy [&hellip;]<\/p>\n","protected":false},"author":2,"featured_media":8240,"comment_status":"open","ping_status":"open","sticky":false,"template":"","format":"standard","meta":{"tdm_status":"","tdm_grid_status":"","footnotes":""},"categories":[5,4],"tags":[],"class_list":{"0":"post-8239","1":"post","2":"type-post","3":"status-publish","4":"format-standard","5":"has-post-thumbnail","7":"category-deportes","8":"category-elsalvador"},"jetpack_featured_media_url":"https:\/\/www.newsmillenium.com\/wp-content\/uploads\/2021\/11\/portada-2-SELECCIONADOS-DE-FUTBOL-PLAYA-EN-ASAMBLEA-LEGISLATIVA-22-scaled.jpg","amp_enabled":true,"_links":{"self":[{"href":"https:\/\/www.newsmillenium.com\/index.php\/wp-json\/wp\/v2\/posts\/8239","targetHints":{"allow":["GET"]}}],"collection":[{"href":"https:\/\/www.newsmillenium.com\/index.php\/wp-json\/wp\/v2\/posts"}],"about":[{"href":"https:\/\/www.newsmillenium.com\/index.php\/wp-json\/wp\/v2\/types\/post"}],"author":[{"embeddable":true,"href":"https:\/\/www.newsmillenium.com\/index.php\/wp-json\/wp\/v2\/users\/2"}],"replies":[{"embeddable":true,"href":"https:\/\/www.newsmillenium.com\/index.php\/wp-json\/wp\/v2\/comments?post=8239"}],"version-history":[{"count":1,"href":"https:\/\/www.newsmillenium.com\/index.php\/wp-json\/wp\/v2\/posts\/8239\/revisions"}],"predecessor-version":[{"id":8242,"href":"https:\/\/www.newsmillenium.com\/index.php\/wp-json\/wp\/v2\/posts\/8239\/revisions\/8242"}],"wp:featuredmedia":[{"embeddable":true,"href":"https:\/\/www.newsmillenium.com\/index.php\/wp-json\/wp\/v2\/media\/8240"}],"wp:attachment":[{"href":"https:\/\/www.newsmillenium.com\/index.php\/wp-json\/wp\/v2\/media?parent=8239"}],"wp:term":[{"taxonomy":"category","embeddable":true,"href":"https:\/\/www.newsmillenium.com\/index.php\/wp-json\/wp\/v2\/categories?post=8239"},{"taxonomy":"post_tag","embeddable":true,"href":"https:\/\/www.newsmillenium.com\/index.php\/wp-json\/wp\/v2\/tags?post=8239"}],"curies":[{"name":"wp","href":"https:\/\/api.w.org\/{rel}","templated":true}]}}