{"id":8235,"date":"2021-11-24T15:32:33","date_gmt":"2021-11-24T21:32:33","guid":{"rendered":"https:\/\/www.newsmillenium.com\/?p=8235"},"modified":"2021-11-24T15:32:36","modified_gmt":"2021-11-24T21:32:36","slug":"la-antorcha-panamericana-enciende-los-animos-en-cali","status":"publish","type":"post","link":"https:\/\/www.newsmillenium.com\/index.php\/2021\/11\/24\/la-antorcha-panamericana-enciende-los-animos-en-cali\/","title":{"rendered":"LA ANTORCHA PANAMERICANA ENCIENDE LOS \u00c1NIMOS EN CALI"},"content":{"rendered":"\n<p>A dos d\u00edas para que sean inaugurados los I Juegos Panamericanos Junior Cali-Valle 2021, la antorcha recorri\u00f3 el territorio cale\u00f1o y encendi\u00f3 los \u00e1nimos previos al inicio oficial de la justa deportiva.<\/p>\n\n\n\n<p><br>En los diferentes puntos que recorri\u00f3 la antorcha se vivi\u00f3 una aut\u00e9ntica fiesta cultural y deportiva que incluy\u00f3 m\u00fasica, mucho color y actos que resaltan la identidad cale\u00f1a.<\/p>\n\n\n\n<p><br>Hoy la antorcha fue portada por m\u00fasicos, deportistas y personalidades colombianas, entre las que destacan la luchadora y medallista ol\u00edmpica, Jackeline Renteria; el campe\u00f3n paral\u00edmpico, Mauricio Valencia; los futbolistas Faryd Mondrag\u00f3n, Jersson Gonz\u00e1lez y Hamilton Ricard; la freestayler Marithea y la gobernadora ind\u00edgena del cabildo Misak, Mar\u00eda Yaland\u00e1 Campo.<\/p>\n\n\n\n<p><br>Mientras que algunos puntos que recorri\u00f3 el fuego panamericano fueron: la Plaza de Toros, el Coliseo del Pueblo, el vel\u00f3dromo Alcides Nieto Pati\u00f1o, Parque Panamericano, el Estadio Ol\u00edmpico Pascual Guerrero, las piscinas&nbsp; Hernando Botero O\u2019Byrne y culmin\u00f3 en el coliseo hockey Miguel Calero.<\/p>\n\n\n\n<p><br>\u201cHan llegado todos estos j\u00f3venes deportistas para enaltecer nuestra ciudad y posibilitar que se desarrollen estos Juegos Panamericanos Junior. \u00a1Bienvenidos todos a la amada Cali!&#8221;, dijo el alcalde de Cali, Jorge Ospina.&nbsp;<\/p>\n\n\n\n<figure class=\"wp-block-image size-large td-caption-align-https:\/\/www.newsmillenium.com\/wp-content\/uploads\/2021\/11\/portadad-2-Ambiente-Juegos-Panamericanos-Jr.-Cali-23112021_10-scaled.jpg\"><img loading=\"lazy\" decoding=\"async\" width=\"1024\" height=\"639\" src=\"https:\/\/www.newsmillenium.com\/wp-content\/uploads\/2021\/11\/portadad-2-Ambiente-Juegos-Panamericanos-Jr.-Cali-23112021_10-1024x639.jpg\" alt=\"\" class=\"wp-image-8237\" srcset=\"https:\/\/www.newsmillenium.com\/wp-content\/uploads\/2021\/11\/portadad-2-Ambiente-Juegos-Panamericanos-Jr.-Cali-23112021_10-1024x639.jpg 1024w, https:\/\/www.newsmillenium.com\/wp-content\/uploads\/2021\/11\/portadad-2-Ambiente-Juegos-Panamericanos-Jr.-Cali-23112021_10-300x187.jpg 300w, https:\/\/www.newsmillenium.com\/wp-content\/uploads\/2021\/11\/portadad-2-Ambiente-Juegos-Panamericanos-Jr.-Cali-23112021_10-768x480.jpg 768w, https:\/\/www.newsmillenium.com\/wp-content\/uploads\/2021\/11\/portadad-2-Ambiente-Juegos-Panamericanos-Jr.-Cali-23112021_10-1536x959.jpg 1536w, https:\/\/www.newsmillenium.com\/wp-content\/uploads\/2021\/11\/portadad-2-Ambiente-Juegos-Panamericanos-Jr.-Cali-23112021_10-2048x1279.jpg 2048w, https:\/\/www.newsmillenium.com\/wp-content\/uploads\/2021\/11\/portadad-2-Ambiente-Juegos-Panamericanos-Jr.-Cali-23112021_10-696x435.jpg 696w, https:\/\/www.newsmillenium.com\/wp-content\/uploads\/2021\/11\/portadad-2-Ambiente-Juegos-Panamericanos-Jr.-Cali-23112021_10-1068x667.jpg 1068w, https:\/\/www.newsmillenium.com\/wp-content\/uploads\/2021\/11\/portadad-2-Ambiente-Juegos-Panamericanos-Jr.-Cali-23112021_10-1920x1199.jpg 1920w, https:\/\/www.newsmillenium.com\/wp-content\/uploads\/2021\/11\/portadad-2-Ambiente-Juegos-Panamericanos-Jr.-Cali-23112021_10-673x420.jpg 673w\" sizes=\"auto, (max-width: 1024px) 100vw, 1024px\" \/><\/figure>\n","protected":false},"excerpt":{"rendered":"<p>A dos d\u00edas para que sean inaugurados los I Juegos Panamericanos Junior Cali-Valle 2021, la antorcha recorri\u00f3 el territorio cale\u00f1o y encendi\u00f3 los \u00e1nimos previos al inicio oficial de la justa deportiva. En los diferentes puntos que recorri\u00f3 la antorcha se vivi\u00f3 una aut\u00e9ntica fiesta cultural y deportiva que incluy\u00f3 m\u00fasica, mucho color y actos [&hellip;]<\/p>\n","protected":false},"author":2,"featured_media":8236,"comment_status":"open","ping_status":"open","sticky":false,"template":"","format":"standard","meta":{"tdm_status":"","tdm_grid_status":"","footnotes":""},"categories":[5,14],"tags":[],"class_list":{"0":"post-8235","1":"post","2":"type-post","3":"status-publish","4":"format-standard","5":"has-post-thumbnail","7":"category-deportes","8":"category-destacads"},"jetpack_featured_media_url":"https:\/\/www.newsmillenium.com\/wp-content\/uploads\/2021\/11\/portada-1-Ambiente-Juegos-Panamericanos-Jr.-Cali-23112021_07-scaled.jpg","amp_enabled":true,"_links":{"self":[{"href":"https:\/\/www.newsmillenium.com\/index.php\/wp-json\/wp\/v2\/posts\/8235","targetHints":{"allow":["GET"]}}],"collection":[{"href":"https:\/\/www.newsmillenium.com\/index.php\/wp-json\/wp\/v2\/posts"}],"about":[{"href":"https:\/\/www.newsmillenium.com\/index.php\/wp-json\/wp\/v2\/types\/post"}],"author":[{"embeddable":true,"href":"https:\/\/www.newsmillenium.com\/index.php\/wp-json\/wp\/v2\/users\/2"}],"replies":[{"embeddable":true,"href":"https:\/\/www.newsmillenium.com\/index.php\/wp-json\/wp\/v2\/comments?post=8235"}],"version-history":[{"count":1,"href":"https:\/\/www.newsmillenium.com\/index.php\/wp-json\/wp\/v2\/posts\/8235\/revisions"}],"predecessor-version":[{"id":8238,"href":"https:\/\/www.newsmillenium.com\/index.php\/wp-json\/wp\/v2\/posts\/8235\/revisions\/8238"}],"wp:featuredmedia":[{"embeddable":true,"href":"https:\/\/www.newsmillenium.com\/index.php\/wp-json\/wp\/v2\/media\/8236"}],"wp:attachment":[{"href":"https:\/\/www.newsmillenium.com\/index.php\/wp-json\/wp\/v2\/media?parent=8235"}],"wp:term":[{"taxonomy":"category","embeddable":true,"href":"https:\/\/www.newsmillenium.com\/index.php\/wp-json\/wp\/v2\/categories?post=8235"},{"taxonomy":"post_tag","embeddable":true,"href":"https:\/\/www.newsmillenium.com\/index.php\/wp-json\/wp\/v2\/tags?post=8235"}],"curies":[{"name":"wp","href":"https:\/\/api.w.org\/{rel}","templated":true}]}}