{"id":725,"date":"2020-03-02T10:55:51","date_gmt":"2020-03-02T16:55:51","guid":{"rendered":"https:\/\/www.newsmillenium.com\/?p=725"},"modified":"2020-03-02T10:56:05","modified_gmt":"2020-03-02T16:56:05","slug":"salvadorenos-se-consagraron-en-el-xxv-campeonato-centroamericano-de-karate-do-ccondeka-2020","status":"publish","type":"post","link":"https:\/\/www.newsmillenium.com\/index.php\/2020\/03\/02\/salvadorenos-se-consagraron-en-el-xxv-campeonato-centroamericano-de-karate-do-ccondeka-2020\/","title":{"rendered":"Salvadore\u00f1os  se consagraron en el XXV Campeonato Centroamericano de Karate Do CCONDEKA 2020"},"content":{"rendered":"\n<p>Los\nkaratecas salvadore\u00f1os de la categor\u00eda mayor se consagraron monarcas del XXV\nCampeonato Centroamericano de Karate Do CCONDEKA 2020, realizado en Managua, Nicaragua.<\/p>\n\n\n\n<p>La\ndelegaci\u00f3n salvadore\u00f1a, que fue apoyada por el Instituto Nacional de los\nDeportes de El Salvador (INDES)&nbsp; para su participaci\u00f3n en el certamen\nregional, se qued\u00f3 con el t\u00edtulo tras ganar 5 oros, 4 platas y 5 bronces para\nun total de 14 preseas.<\/p>\n\n\n\n<p>En lo que\nconcierne a las medallas de oro, estas fueron ganadas por el equipo de kata\nmasculino (Carlos Gal\u00e1n, Carlos Huezo y Omar Romero), el equipo de kumite\nmasculino (Alejandro Jurado, Jorge Merino, Carlos Gal\u00e1n, Leonardo Cibri\u00e1n, Ren\u00e9\nAguilar, Omar Romero y Carlos Huezo); Lissette Aguilar en kumite +68 kg;\nAlejandro Jurado en kumite -60 kg, y Andrea Ruiz en kumite -68 kg.<\/p>\n\n\n\n<p>Mientras\nque las presas de plata las aportaron el equipo de kata femenino Gabriela\nIzaguirre, Helen Gal\u00e1n y Pamela Vel\u00e1squez; Gabriela Izaguirre, en kata\nindividual; Carlos Gal\u00e1n en kumite -75 kg, y Joisy Manc\u00eda, en kumite -61 kg.<\/p>\n\n\n\n<p>&nbsp;Los bronces fueron ganados por Katerine L\u00f3pez,\nen kumite -50 kg; Enrique Ruiz, en kumite -67 kg; Leonardo Cibrian, en kumite\n-75 kg; Jorge Merino, en kumite -84 kg, y el equipo de kumite femenino (Joisy\nManc\u00eda, Lissette Aguilar, Katherine L\u00f3pez y Andrea Ruiz).<\/p>\n\n\n\n<p><strong>Terceros\nen sub 21<\/strong><\/p>\n\n\n\n<p>Simult\u00e1neamente\nal CCONDEKA, tambi\u00e9n se disput\u00f3 el III Campeonato Centroamericano de Karate Do\nCadete, Junior y Sub 21.<\/p>\n\n\n\n<p>En dicha competencia,\nla delegaci\u00f3n cuscatleca, integrada por 20 karatecas, finaliz\u00f3 en el tercer\nlugar con 8 oros, 13 platas y 9 bronces.<\/p>\n\n\n\n<p>Las\nmedallas de oro fueron aportadas por Sara\u00ed Ju\u00e1rez, en kumite -47 Kg categor\u00eda\n12 -13 a\u00f1os; Estefany Izaguirre, en kumite -47 kg categor\u00eda 14-15 a\u00f1os; Sof\u00eda\nOrantes, en kumite -52 kg categor\u00eda 14-15; Gabriela Izaguirre, en kumite -48 kg\ncategor\u00eda 16-17, y Susana Cresp\u00edn, en kumite -53 Kg categor\u00eda 16-17.<\/p>\n","protected":false},"excerpt":{"rendered":"<p>Los karatecas salvadore\u00f1os de la categor\u00eda mayor se consagraron monarcas del XXV Campeonato Centroamericano de Karate Do CCONDEKA 2020, realizado en Managua, Nicaragua. La delegaci\u00f3n salvadore\u00f1a, que fue apoyada por el Instituto Nacional de los Deportes de El Salvador (INDES)&nbsp; para su participaci\u00f3n en el certamen regional, se qued\u00f3 con el t\u00edtulo tras ganar 5 [&hellip;]<\/p>\n","protected":false},"author":2,"featured_media":726,"comment_status":"open","ping_status":"open","sticky":false,"template":"","format":"standard","meta":{"tdm_status":"","tdm_grid_status":"","footnotes":""},"categories":[5],"tags":[],"class_list":{"0":"post-725","1":"post","2":"type-post","3":"status-publish","4":"format-standard","5":"has-post-thumbnail","7":"category-deportes"},"jetpack_featured_media_url":"https:\/\/www.newsmillenium.com\/wp-content\/uploads\/2020\/03\/portada-1-Karate-en-Nicaragua-0.jpg","amp_enabled":true,"_links":{"self":[{"href":"https:\/\/www.newsmillenium.com\/index.php\/wp-json\/wp\/v2\/posts\/725","targetHints":{"allow":["GET"]}}],"collection":[{"href":"https:\/\/www.newsmillenium.com\/index.php\/wp-json\/wp\/v2\/posts"}],"about":[{"href":"https:\/\/www.newsmillenium.com\/index.php\/wp-json\/wp\/v2\/types\/post"}],"author":[{"embeddable":true,"href":"https:\/\/www.newsmillenium.com\/index.php\/wp-json\/wp\/v2\/users\/2"}],"replies":[{"embeddable":true,"href":"https:\/\/www.newsmillenium.com\/index.php\/wp-json\/wp\/v2\/comments?post=725"}],"version-history":[{"count":1,"href":"https:\/\/www.newsmillenium.com\/index.php\/wp-json\/wp\/v2\/posts\/725\/revisions"}],"predecessor-version":[{"id":727,"href":"https:\/\/www.newsmillenium.com\/index.php\/wp-json\/wp\/v2\/posts\/725\/revisions\/727"}],"wp:featuredmedia":[{"embeddable":true,"href":"https:\/\/www.newsmillenium.com\/index.php\/wp-json\/wp\/v2\/media\/726"}],"wp:attachment":[{"href":"https:\/\/www.newsmillenium.com\/index.php\/wp-json\/wp\/v2\/media?parent=725"}],"wp:term":[{"taxonomy":"category","embeddable":true,"href":"https:\/\/www.newsmillenium.com\/index.php\/wp-json\/wp\/v2\/categories?post=725"},{"taxonomy":"post_tag","embeddable":true,"href":"https:\/\/www.newsmillenium.com\/index.php\/wp-json\/wp\/v2\/tags?post=725"}],"curies":[{"name":"wp","href":"https:\/\/api.w.org\/{rel}","templated":true}]}}