{"id":6702,"date":"2021-09-02T10:07:45","date_gmt":"2021-09-02T16:07:45","guid":{"rendered":"https:\/\/www.newsmillenium.com\/?p=6702"},"modified":"2021-09-02T10:07:47","modified_gmt":"2021-09-02T16:07:47","slug":"finaliza-el-traslado-de-familias-al-complejo-habitacional-el-espino","status":"publish","type":"post","link":"https:\/\/www.newsmillenium.com\/index.php\/2021\/09\/02\/finaliza-el-traslado-de-familias-al-complejo-habitacional-el-espino\/","title":{"rendered":"Finaliza el traslado de familias al complejo habitacional El Espino"},"content":{"rendered":"\n<p>El Gobierno del Presidente Nayib Bukele consolida su compromiso de dignificar a las familias salvadore\u00f1as que durante d\u00e9cadas vivieron en condiciones de vulnerabilidad a causa de la desatenci\u00f3n y desinter\u00e9s de las administraciones anteriores.<\/p>\n\n\n\n<p>Brindar acceso a viviendas nuevas y de alta calidad es una prioridad para garantizar el bienestar y el desarrollo de la poblaci\u00f3n, la ministra de Vivienda, Michelle Sol, supervis\u00f3 el traslado de las \u00faltimas tres familias al complejo habitacional El Espino, Antiguo Cuscatl\u00e1n, La Libertad, as\u00ed finaliza la reubicaci\u00f3n de las personas beneficiadas con este proyecto.<\/p>\n\n\n\n<p>Esta es una soluci\u00f3n habitacional impulsada por el Gobierno en respuesta a las necesidades de vivienda en la que se encontraban decenas de familias que viv\u00edan en el bulevar Canciller\u00eda, en Antiguo Cuscatl\u00e1n, y que ante la falta de voluntad pol\u00edtica y exclusi\u00f3n del pasado hab\u00edan batallado por encontrar un lugar permanente que les garantizara estabilidad.<\/p>\n\n\n\n<p>\u201cSomos la nueva generaci\u00f3n que est\u00e1 trabajando por las familias salvadore\u00f1as que buscan vivir en paz, en armon\u00eda. Sabemos que estas familias vivieron en zozobra y miedo. Vivieron en un arriate en donde (durante los gobiernos anteriores) no se les brind\u00f3 una soluci\u00f3n\u201d, se\u00f1al\u00f3 la ministra Michelle Sol.<\/p>\n\n\n\n<p>Con el traslado de estas tres familias se culmina un proceso para brindar vivienda digna a un total de 63 grupos familiares. Este es un proyecto integral y seguro en el cual se invirtieron $2.2 millones, detall\u00f3 la titular de Vivienda durante la supervisi\u00f3n.&nbsp; Adem\u00e1s, explic\u00f3 que en la ejecuci\u00f3n de este proyecto fue posible gracias al trabajo coordinado entre la cooperaci\u00f3n internacional, la comunidad El Espino y las diferentes instituciones de Gobierno.<\/p>\n\n\n\n<p>La entrega de estas viviendas es un impulso para continuar trabajando por las comunidades m\u00e1s vulnerables del pa\u00eds, recalc\u00f3 la funcionaria. La articulaci\u00f3n interinstitucional del Gobierno del Presidente Bukele ha sido clave para dar respuesta a las necesidades hist\u00f3ricas de la poblaci\u00f3n salvadore\u00f1a, por lo cual se seguir\u00e1 impulsado una serie de proyectos habitacionales a diferentes comunidades del pa\u00eds.<\/p>\n","protected":false},"excerpt":{"rendered":"<p>El Gobierno del Presidente Nayib Bukele consolida su compromiso de dignificar a las familias salvadore\u00f1as que durante d\u00e9cadas vivieron en condiciones de vulnerabilidad a causa de la desatenci\u00f3n y desinter\u00e9s de las administraciones anteriores. Brindar acceso a viviendas nuevas y de alta calidad es una prioridad para garantizar el bienestar y el desarrollo de la [&hellip;]<\/p>\n","protected":false},"author":2,"featured_media":6703,"comment_status":"open","ping_status":"open","sticky":false,"template":"","format":"standard","meta":{"tdm_status":"","tdm_grid_status":"","footnotes":""},"categories":[4],"tags":[],"class_list":{"0":"post-6702","1":"post","2":"type-post","3":"status-publish","4":"format-standard","5":"has-post-thumbnail","7":"category-elsalvador"},"jetpack_featured_media_url":"https:\/\/www.newsmillenium.com\/wp-content\/uploads\/2021\/09\/portada-1-misol.jpg","amp_enabled":true,"_links":{"self":[{"href":"https:\/\/www.newsmillenium.com\/index.php\/wp-json\/wp\/v2\/posts\/6702","targetHints":{"allow":["GET"]}}],"collection":[{"href":"https:\/\/www.newsmillenium.com\/index.php\/wp-json\/wp\/v2\/posts"}],"about":[{"href":"https:\/\/www.newsmillenium.com\/index.php\/wp-json\/wp\/v2\/types\/post"}],"author":[{"embeddable":true,"href":"https:\/\/www.newsmillenium.com\/index.php\/wp-json\/wp\/v2\/users\/2"}],"replies":[{"embeddable":true,"href":"https:\/\/www.newsmillenium.com\/index.php\/wp-json\/wp\/v2\/comments?post=6702"}],"version-history":[{"count":1,"href":"https:\/\/www.newsmillenium.com\/index.php\/wp-json\/wp\/v2\/posts\/6702\/revisions"}],"predecessor-version":[{"id":6704,"href":"https:\/\/www.newsmillenium.com\/index.php\/wp-json\/wp\/v2\/posts\/6702\/revisions\/6704"}],"wp:featuredmedia":[{"embeddable":true,"href":"https:\/\/www.newsmillenium.com\/index.php\/wp-json\/wp\/v2\/media\/6703"}],"wp:attachment":[{"href":"https:\/\/www.newsmillenium.com\/index.php\/wp-json\/wp\/v2\/media?parent=6702"}],"wp:term":[{"taxonomy":"category","embeddable":true,"href":"https:\/\/www.newsmillenium.com\/index.php\/wp-json\/wp\/v2\/categories?post=6702"},{"taxonomy":"post_tag","embeddable":true,"href":"https:\/\/www.newsmillenium.com\/index.php\/wp-json\/wp\/v2\/tags?post=6702"}],"curies":[{"name":"wp","href":"https:\/\/api.w.org\/{rel}","templated":true}]}}