{"id":5232,"date":"2021-06-03T09:49:24","date_gmt":"2021-06-03T15:49:24","guid":{"rendered":"https:\/\/www.newsmillenium.com\/?p=5232"},"modified":"2021-06-03T09:49:26","modified_gmt":"2021-06-03T15:49:26","slug":"el-salvador-lidera-la-aplicacion-de-la-vacuna-contra-la-covid-19","status":"publish","type":"post","link":"https:\/\/www.newsmillenium.com\/index.php\/2021\/06\/03\/el-salvador-lidera-la-aplicacion-de-la-vacuna-contra-la-covid-19\/","title":{"rendered":"El Salvador lidera la aplicaci\u00f3n de la vacuna contra la covid-19"},"content":{"rendered":"\n<p>El Salvador super\u00f3 los dos millones de personas vacunas contra la COVID-19, un hecho que lo ha posicionado sobre el resto de los pa\u00edses de la regi\u00f3n centroamericana respecto a las dosis administradas seg\u00fan el sitio Our World in Data.<\/p>\n\n\n\n<p>La estrategia que inici\u00f3 el 17 de febrero avanza con celeridad, a tal punto que, a la fecha, 846,311 salvadore\u00f1os han completado el esquema de vacunaci\u00f3n, mientras que 1,169,097 han recibido la primera dosis de la vacuna contra la COVID-19.<\/p>\n\n\n\n<p>El gobierno del presidente, Nayib Bukele, ha dispuesto 166 establecimientos a escala nacional para que la poblaci\u00f3n acuda a vacunarse; tres de estos son en modalidad de autoservicio, y el megacentro del Hospital El Salvador, el cual destaca como el lugar m\u00e1s r\u00e1pido para la aplicaci\u00f3n del f\u00e1rmaco.<\/p>\n\n\n\n<p>De acuerdo con la Organizaci\u00f3n Mundial de la Salud (OMS) vacunarse contra la COVID-19 es m\u00e1s seguro que infectarse, por lo que insta a las personas a continuar cumpliendo responsablemente con este proceso para lograr contrarrestar la enfermedad.<\/p>\n","protected":false},"excerpt":{"rendered":"<p>El Salvador super\u00f3 los dos millones de personas vacunas contra la COVID-19, un hecho que lo ha posicionado sobre el resto de los pa\u00edses de la regi\u00f3n centroamericana respecto a las dosis administradas seg\u00fan el sitio Our World in Data. La estrategia que inici\u00f3 el 17 de febrero avanza con celeridad, a tal punto que, [&hellip;]<\/p>\n","protected":false},"author":2,"featured_media":5233,"comment_status":"open","ping_status":"open","sticky":false,"template":"","format":"standard","meta":{"tdm_status":"","tdm_grid_status":"","footnotes":""},"categories":[4],"tags":[],"class_list":{"0":"post-5232","1":"post","2":"type-post","3":"status-publish","4":"format-standard","5":"has-post-thumbnail","7":"category-elsalvador"},"jetpack_featured_media_url":"https:\/\/www.newsmillenium.com\/wp-content\/uploads\/2021\/06\/portada-1-vacuna-contra-covid.jpg","amp_enabled":true,"_links":{"self":[{"href":"https:\/\/www.newsmillenium.com\/index.php\/wp-json\/wp\/v2\/posts\/5232","targetHints":{"allow":["GET"]}}],"collection":[{"href":"https:\/\/www.newsmillenium.com\/index.php\/wp-json\/wp\/v2\/posts"}],"about":[{"href":"https:\/\/www.newsmillenium.com\/index.php\/wp-json\/wp\/v2\/types\/post"}],"author":[{"embeddable":true,"href":"https:\/\/www.newsmillenium.com\/index.php\/wp-json\/wp\/v2\/users\/2"}],"replies":[{"embeddable":true,"href":"https:\/\/www.newsmillenium.com\/index.php\/wp-json\/wp\/v2\/comments?post=5232"}],"version-history":[{"count":1,"href":"https:\/\/www.newsmillenium.com\/index.php\/wp-json\/wp\/v2\/posts\/5232\/revisions"}],"predecessor-version":[{"id":5234,"href":"https:\/\/www.newsmillenium.com\/index.php\/wp-json\/wp\/v2\/posts\/5232\/revisions\/5234"}],"wp:featuredmedia":[{"embeddable":true,"href":"https:\/\/www.newsmillenium.com\/index.php\/wp-json\/wp\/v2\/media\/5233"}],"wp:attachment":[{"href":"https:\/\/www.newsmillenium.com\/index.php\/wp-json\/wp\/v2\/media?parent=5232"}],"wp:term":[{"taxonomy":"category","embeddable":true,"href":"https:\/\/www.newsmillenium.com\/index.php\/wp-json\/wp\/v2\/categories?post=5232"},{"taxonomy":"post_tag","embeddable":true,"href":"https:\/\/www.newsmillenium.com\/index.php\/wp-json\/wp\/v2\/tags?post=5232"}],"curies":[{"name":"wp","href":"https:\/\/api.w.org\/{rel}","templated":true}]}}