{"id":5225,"date":"2021-06-03T09:31:19","date_gmt":"2021-06-03T15:31:19","guid":{"rendered":"https:\/\/www.newsmillenium.com\/?p=5225"},"modified":"2021-06-03T09:31:21","modified_gmt":"2021-06-03T15:31:21","slug":"el-unico-poder-que-el-gobierno-obedece-es-el-pueblo-salvadoreno-afirma-el-presidente-nayib-bukele","status":"publish","type":"post","link":"https:\/\/www.newsmillenium.com\/index.php\/2021\/06\/03\/el-unico-poder-que-el-gobierno-obedece-es-el-pueblo-salvadoreno-afirma-el-presidente-nayib-bukele\/","title":{"rendered":"\u201cEl \u00fanico poder que el Gobierno obedece es el pueblo salvadore\u00f1o\u201d, afirma el Presidente Nayib Bukele"},"content":{"rendered":"\n<p>El Presidente de la Rep\u00fablica, Nayib Bukele, reafirm\u00f3, la noche de este 1 de junio, su compromiso de seguir luchando y velando por el bienestar del pueblo salvadore\u00f1o, durante su discurso brindado en la sesi\u00f3n solemne de la Asamblea Legislativa, en la conmemoraci\u00f3n del segundo aniversario de su gesti\u00f3n.<\/p>\n\n\n\n<p>El mandatario resalt\u00f3 las grandes transformaciones que se han alcanzado en el pa\u00eds, desde las elecciones del 3 de febrero de 2019, cuando los salvadore\u00f1os decidieron cambiar el rumbo del pa\u00eds y romper con el bipartidismo que hab\u00eda imperado desde la posguerra. Enfatiz\u00f3 que los cambios no son imposibles, aunque tampoco son f\u00e1ciles, especialmente cuando son reales, grandes y estructurales.<\/p>\n\n\n\n<p>Luego de m\u00e1s de 30 a\u00f1os de que el pa\u00eds estuviera sumido en la pobreza, la desigualdad y la inseguridad, con el voto depositado por los ciudadanos, el Presidente Bukele record\u00f3 que el 1 de junio de 2019 asumi\u00f3 el reto m\u00e1s grande que puede enfrentar: sacar adelante a El Salvador, un pa\u00eds que durante d\u00e9cadas fue saqueado y abandonado.<\/p>\n\n\n\n<p>Pese a todo ese panorama adverso que la poblaci\u00f3n vivi\u00f3 por a\u00f1os, dijo que no perdi\u00f3 la esperanza y crey\u00f3 con valent\u00eda que la situaci\u00f3n del pa\u00eds pod\u00eda cambiar. \u201cNos dieron un mandato, uno que asumimos y juramos que cumplir\u00edamos, el de cambiar nuestro pa\u00eds, pero esta vez de verdad\u201d, expres\u00f3 el Presidente.<\/p>\n\n\n\n<p>El titular del Ejecutivo destac\u00f3 que en esta gesti\u00f3n se ha logrado cambiar el sistema pol\u00edtico formal del pa\u00eds, sin derramar una gota de sangre en una guerra, como lo hicieron en el pasado los partidos Arena y Fmln; sin negociar la vida de los salvadore\u00f1os, sin comprar gobernabilidad y \u201csin postrarnos ante nadie m\u00e1s que Dios\u201d.<\/p>\n\n\n\n<p>Durante su discurso, el gobernante mencion\u00f3 que la oligarqu\u00eda a\u00fan contin\u00faa intentando controlar el aparato ideol\u00f3gico del Estado y sostuvo que, a diferencia de las gestiones anteriores, detr\u00e1s del actual Gobierno no hay nadie girando \u00f3rdenes.<\/p>\n\n\n\n<p>\u201cEste gobernante s\u00ed tiene un grupo de poder detr\u00e1s de \u00e9l y ese grupo de poder se llama pueblo salvadore\u00f1o y eso muchos no lo entienden; incluso, algunos en la comunidad internacional se confunden, no entienden a qui\u00e9n representamos. Es extra\u00f1o para ellos ver un Gobierno que no representa a ning\u00fan grupo de poder f\u00e1ctico, m\u00e1s que el pueblo mismo\u201d, manifest\u00f3.<\/p>\n\n\n\n<p>El Presidente Bukele asever\u00f3 que su Gobierno no se debe a nadie m\u00e1s que a Dios y al pueblo y reiter\u00f3 el honor que representa para \u00e9l ser el mandatario de todos los salvadore\u00f1os. En ese sentido, ratific\u00f3 su misi\u00f3n por proteger a cada uno de los habitantes y a la patria, de todas las maneras posibles; e inst\u00f3 a la poblaci\u00f3n a aprovechar esta oportunidad para romper las cadenas que durante el pasado tuvieron al pa\u00eds atado al pesimismo, a la zozobra y a la miseria.<\/p>\n\n\n\n<p>\u201cSepan que a los salvadore\u00f1os ya no nos enga\u00f1an, nunca m\u00e1s vamos a regresar a el sistema que nos hundi\u00f3 en la delincuencia, la corrupci\u00f3n, la desigualdad y la pobreza. Mientras Dios me d\u00e9 fuerzas, no lo voy a permitir\u201d, recalc\u00f3.<\/p>\n\n\n\n<p>En tanto, dijo que desde este 1 de junio de 2021 el reto es mucho m\u00e1s grande para todos los salvadore\u00f1os e inst\u00f3 a continuar luchando para liberar al pa\u00eds del yugo de los poderes f\u00e1cticos, que siguen intentando dominarlo.<\/p>\n\n\n\n<p>A la vez, tambi\u00e9n descart\u00f3 que la naci\u00f3n est\u00e9 polarizada o dividida; al contrario, se encuentra m\u00e1s unida que nunca y luchando en una sola direcci\u00f3n por un inter\u00e9s en com\u00fan: seguir transformado el pa\u00eds, junto al pueblo, que, por primera vez, es el \u00fanico poder f\u00e1ctico terrenal que el Gobierno obedece.<\/p>\n\n\n\n<figure class=\"wp-block-image size-large td-caption-align-https:\/\/www.newsmillenium.com\/wp-content\/uploads\/2021\/06\/portada-2-de-junio-NB-scaled.jpg\"><img loading=\"lazy\" decoding=\"async\" width=\"1024\" height=\"719\" src=\"https:\/\/www.newsmillenium.com\/wp-content\/uploads\/2021\/06\/portada-2-de-junio-NB-1024x719.jpg\" alt=\"\" class=\"wp-image-5227\" srcset=\"https:\/\/www.newsmillenium.com\/wp-content\/uploads\/2021\/06\/portada-2-de-junio-NB-1024x719.jpg 1024w, https:\/\/www.newsmillenium.com\/wp-content\/uploads\/2021\/06\/portada-2-de-junio-NB-300x211.jpg 300w, https:\/\/www.newsmillenium.com\/wp-content\/uploads\/2021\/06\/portada-2-de-junio-NB-768x540.jpg 768w, https:\/\/www.newsmillenium.com\/wp-content\/uploads\/2021\/06\/portada-2-de-junio-NB-1536x1079.jpg 1536w, https:\/\/www.newsmillenium.com\/wp-content\/uploads\/2021\/06\/portada-2-de-junio-NB-2048x1439.jpg 2048w, https:\/\/www.newsmillenium.com\/wp-content\/uploads\/2021\/06\/portada-2-de-junio-NB-696x489.jpg 696w, https:\/\/www.newsmillenium.com\/wp-content\/uploads\/2021\/06\/portada-2-de-junio-NB-1068x750.jpg 1068w, https:\/\/www.newsmillenium.com\/wp-content\/uploads\/2021\/06\/portada-2-de-junio-NB-1920x1349.jpg 1920w, https:\/\/www.newsmillenium.com\/wp-content\/uploads\/2021\/06\/portada-2-de-junio-NB-598x420.jpg 598w, https:\/\/www.newsmillenium.com\/wp-content\/uploads\/2021\/06\/portada-2-de-junio-NB-100x70.jpg 100w\" sizes=\"auto, (max-width: 1024px) 100vw, 1024px\" \/><\/figure>\n","protected":false},"excerpt":{"rendered":"<p>El Presidente de la Rep\u00fablica, Nayib Bukele, reafirm\u00f3, la noche de este 1 de junio, su compromiso de seguir luchando y velando por el bienestar del pueblo salvadore\u00f1o, durante su discurso brindado en la sesi\u00f3n solemne de la Asamblea Legislativa, en la conmemoraci\u00f3n del segundo aniversario de su gesti\u00f3n. El mandatario resalt\u00f3 las grandes transformaciones [&hellip;]<\/p>\n","protected":false},"author":2,"featured_media":5226,"comment_status":"open","ping_status":"open","sticky":false,"template":"","format":"standard","meta":{"tdm_status":"","tdm_grid_status":"","footnotes":""},"categories":[4],"tags":[],"class_list":{"0":"post-5225","1":"post","2":"type-post","3":"status-publish","4":"format-standard","5":"has-post-thumbnail","7":"category-elsalvador"},"jetpack_featured_media_url":"https:\/\/www.newsmillenium.com\/wp-content\/uploads\/2021\/06\/portada-1-de-junio-NB-scaled.jpg","amp_enabled":true,"_links":{"self":[{"href":"https:\/\/www.newsmillenium.com\/index.php\/wp-json\/wp\/v2\/posts\/5225","targetHints":{"allow":["GET"]}}],"collection":[{"href":"https:\/\/www.newsmillenium.com\/index.php\/wp-json\/wp\/v2\/posts"}],"about":[{"href":"https:\/\/www.newsmillenium.com\/index.php\/wp-json\/wp\/v2\/types\/post"}],"author":[{"embeddable":true,"href":"https:\/\/www.newsmillenium.com\/index.php\/wp-json\/wp\/v2\/users\/2"}],"replies":[{"embeddable":true,"href":"https:\/\/www.newsmillenium.com\/index.php\/wp-json\/wp\/v2\/comments?post=5225"}],"version-history":[{"count":1,"href":"https:\/\/www.newsmillenium.com\/index.php\/wp-json\/wp\/v2\/posts\/5225\/revisions"}],"predecessor-version":[{"id":5228,"href":"https:\/\/www.newsmillenium.com\/index.php\/wp-json\/wp\/v2\/posts\/5225\/revisions\/5228"}],"wp:featuredmedia":[{"embeddable":true,"href":"https:\/\/www.newsmillenium.com\/index.php\/wp-json\/wp\/v2\/media\/5226"}],"wp:attachment":[{"href":"https:\/\/www.newsmillenium.com\/index.php\/wp-json\/wp\/v2\/media?parent=5225"}],"wp:term":[{"taxonomy":"category","embeddable":true,"href":"https:\/\/www.newsmillenium.com\/index.php\/wp-json\/wp\/v2\/categories?post=5225"},{"taxonomy":"post_tag","embeddable":true,"href":"https:\/\/www.newsmillenium.com\/index.php\/wp-json\/wp\/v2\/tags?post=5225"}],"curies":[{"name":"wp","href":"https:\/\/api.w.org\/{rel}","templated":true}]}}