{"id":4942,"date":"2021-05-14T07:38:52","date_gmt":"2021-05-14T13:38:52","guid":{"rendered":"https:\/\/www.newsmillenium.com\/?p=4942"},"modified":"2021-05-14T07:38:57","modified_gmt":"2021-05-14T13:38:57","slug":"en-plaza-mundo-consentimos-a-las-madres-en-su-dia","status":"publish","type":"post","link":"https:\/\/www.newsmillenium.com\/index.php\/2021\/05\/14\/en-plaza-mundo-consentimos-a-las-madres-en-su-dia\/","title":{"rendered":"\u201cEn Plaza Mundo consentimos a las madres en su d\u00eda\u201d"},"content":{"rendered":"\n<p>Plaza Mundo consinti\u00f3 a mam\u00e1s en su d\u00eda el pasado 10 de mayo \u201cDia&nbsp; de las Madres\u201d, la&nbsp; fiesta se extendi\u00f3&nbsp; el 8-9 y 10 de mayo en honor&nbsp; a ese&nbsp; ser tan querido con eventos de forma &nbsp;&nbsp;presencial y virtual , Gracias a Black &amp; Decker, Remington y Academia de Cosmetolog\u00eda de El Salvador \u201cBelezza\u201d.<\/p>\n\n\n\n<p>En la Plaza Central de la 4ta Etapa de Plaza Mundo Soyapango y en rotonda Prisma Moda en Plaza Mundo Apopa por consumo de $15 en adelante las mam\u00e1s fueron atendidas por personales de Belleza en los servicios de Moldeados de Cabello y Pintado de U\u00f1as Permanentes gracias a Belezza. Fueron 12 estaciones en donde las mam\u00e1s pudieron ser consentidas.<\/p>\n\n\n\n<p>En Plaza Mundo Soyapango y Plaza Mundo Apopa se brind\u00f3 un toque musical, con cantantes en vivo en el \u00e1rea de Restaurantes y Food Courts. Donde las madres tuvieron la oportunidad de disfrutar de las Voces como Rocio C\u00e1ceres, Madeline Guardado, Luzma Andrade entre otros, fueron parte de los cantantes.<\/p>\n\n\n\n<p>Tambi\u00e9n, disfrutaron de una serenata para mam\u00e1 desde el Anfiteatro de Plaza Mundo Apopa, con las voces de Roc\u00edo C\u00e1ceres, Carlos Alfaro acompa\u00f1ados de mariachis. <strong><\/strong><\/p>\n\n\n\n<p>A Plaza Mundo le encanta cuidar a sus visitantes y empleados, por eso estos eventos se disfrutaron con todas las medidas de bioseguridad y distanciamiento social requerido.&nbsp;&nbsp;<\/p>\n\n\n\n<figure class=\"wp-block-image size-large td-caption-align-https:\/\/www.newsmillenium.com\/wp-content\/uploads\/2021\/05\/IMG_0591-1.jpeg\"><img loading=\"lazy\" decoding=\"async\" width=\"1024\" height=\"768\" src=\"https:\/\/www.newsmillenium.com\/wp-content\/uploads\/2021\/05\/IMG_0591-1-1024x768.jpeg\" alt=\"\" class=\"wp-image-4944\" srcset=\"https:\/\/www.newsmillenium.com\/wp-content\/uploads\/2021\/05\/IMG_0591-1-1024x768.jpeg 1024w, https:\/\/www.newsmillenium.com\/wp-content\/uploads\/2021\/05\/IMG_0591-1-300x225.jpeg 300w, https:\/\/www.newsmillenium.com\/wp-content\/uploads\/2021\/05\/IMG_0591-1-768x576.jpeg 768w, https:\/\/www.newsmillenium.com\/wp-content\/uploads\/2021\/05\/IMG_0591-1-1536x1152.jpeg 1536w, https:\/\/www.newsmillenium.com\/wp-content\/uploads\/2021\/05\/IMG_0591-1-696x522.jpeg 696w, https:\/\/www.newsmillenium.com\/wp-content\/uploads\/2021\/05\/IMG_0591-1-1068x801.jpeg 1068w, https:\/\/www.newsmillenium.com\/wp-content\/uploads\/2021\/05\/IMG_0591-1-1920x1440.jpeg 1920w, https:\/\/www.newsmillenium.com\/wp-content\/uploads\/2021\/05\/IMG_0591-1-560x420.jpeg 560w, https:\/\/www.newsmillenium.com\/wp-content\/uploads\/2021\/05\/IMG_0591-1-80x60.jpeg 80w, https:\/\/www.newsmillenium.com\/wp-content\/uploads\/2021\/05\/IMG_0591-1-265x198.jpeg 265w, https:\/\/www.newsmillenium.com\/wp-content\/uploads\/2021\/05\/IMG_0591-1.jpeg 2048w\" sizes=\"auto, (max-width: 1024px) 100vw, 1024px\" \/><\/figure>\n","protected":false},"excerpt":{"rendered":"<p>Plaza Mundo consinti\u00f3 a mam\u00e1s en su d\u00eda el pasado 10 de mayo \u201cDia&nbsp; de las Madres\u201d, la&nbsp; fiesta se extendi\u00f3&nbsp; el 8-9 y 10 de mayo en honor&nbsp; a ese&nbsp; ser tan querido con eventos de forma &nbsp;&nbsp;presencial y virtual , Gracias a Black &amp; Decker, Remington y Academia de Cosmetolog\u00eda de El Salvador [&hellip;]<\/p>\n","protected":false},"author":2,"featured_media":4943,"comment_status":"open","ping_status":"open","sticky":false,"template":"","format":"standard","meta":{"tdm_status":"","tdm_grid_status":"","footnotes":""},"categories":[14,17],"tags":[],"class_list":{"0":"post-4942","1":"post","2":"type-post","3":"status-publish","4":"format-standard","5":"has-post-thumbnail","7":"category-destacads","8":"category-excelencia-empresarial"},"jetpack_featured_media_url":"https:\/\/www.newsmillenium.com\/wp-content\/uploads\/2021\/05\/portada-1-dia-de-las-madres-plaza-m.jpeg","amp_enabled":true,"_links":{"self":[{"href":"https:\/\/www.newsmillenium.com\/index.php\/wp-json\/wp\/v2\/posts\/4942","targetHints":{"allow":["GET"]}}],"collection":[{"href":"https:\/\/www.newsmillenium.com\/index.php\/wp-json\/wp\/v2\/posts"}],"about":[{"href":"https:\/\/www.newsmillenium.com\/index.php\/wp-json\/wp\/v2\/types\/post"}],"author":[{"embeddable":true,"href":"https:\/\/www.newsmillenium.com\/index.php\/wp-json\/wp\/v2\/users\/2"}],"replies":[{"embeddable":true,"href":"https:\/\/www.newsmillenium.com\/index.php\/wp-json\/wp\/v2\/comments?post=4942"}],"version-history":[{"count":1,"href":"https:\/\/www.newsmillenium.com\/index.php\/wp-json\/wp\/v2\/posts\/4942\/revisions"}],"predecessor-version":[{"id":4945,"href":"https:\/\/www.newsmillenium.com\/index.php\/wp-json\/wp\/v2\/posts\/4942\/revisions\/4945"}],"wp:featuredmedia":[{"embeddable":true,"href":"https:\/\/www.newsmillenium.com\/index.php\/wp-json\/wp\/v2\/media\/4943"}],"wp:attachment":[{"href":"https:\/\/www.newsmillenium.com\/index.php\/wp-json\/wp\/v2\/media?parent=4942"}],"wp:term":[{"taxonomy":"category","embeddable":true,"href":"https:\/\/www.newsmillenium.com\/index.php\/wp-json\/wp\/v2\/categories?post=4942"},{"taxonomy":"post_tag","embeddable":true,"href":"https:\/\/www.newsmillenium.com\/index.php\/wp-json\/wp\/v2\/tags?post=4942"}],"curies":[{"name":"wp","href":"https:\/\/api.w.org\/{rel}","templated":true}]}}