{"id":4316,"date":"2021-03-15T12:24:50","date_gmt":"2021-03-15T18:24:50","guid":{"rendered":"https:\/\/www.newsmillenium.com\/?p=4316"},"modified":"2021-03-15T12:24:52","modified_gmt":"2021-03-15T18:24:52","slug":"ciclista-colombiano-bernal-por-mejorar-posicion-en-carrera-italiana","status":"publish","type":"post","link":"https:\/\/www.newsmillenium.com\/index.php\/2021\/03\/15\/ciclista-colombiano-bernal-por-mejorar-posicion-en-carrera-italiana\/","title":{"rendered":"Ciclista colombiano Bernal por mejorar posici\u00f3n en carrera italiana"},"content":{"rendered":"\n<p>El ciclista colombiano Egan Bernal intentar\u00e1 mejorar la cuarta posici\u00f3n que ocupa en la carrera italiana Tirreno Adri\u00e1tico que tendr\u00e1 su sexta etapa, de 169 kil\u00f3metros entre Castelraimondo y Lido di Fermo.<\/p>\n\n\n\n<p>Bernal, de la formaci\u00f3n Ineos, buscar\u00e1 al menos recortar la diferencia de 30 segundos que le separan del espa\u00f1ol Mikel Landa, due\u00f1o de la tercera plaza, a 3:30 minutos del l\u00edder, el esloveno Tadej Pogacar.<\/p>\n\n\n\n<p>Pogacar domina la carrera con tiempo de 22:41:41 horas, v\u00e1lidas para aventajar en un minuto y 15 segundos a su m\u00e1s cercano escolta, el belga Wout Van Aert.<\/p>\n","protected":false},"excerpt":{"rendered":"<p>El ciclista colombiano Egan Bernal intentar\u00e1 mejorar la cuarta posici\u00f3n que ocupa en la carrera italiana Tirreno Adri\u00e1tico que tendr\u00e1 su sexta etapa, de 169 kil\u00f3metros entre Castelraimondo y Lido di Fermo. Bernal, de la formaci\u00f3n Ineos, buscar\u00e1 al menos recortar la diferencia de 30 segundos que le separan del espa\u00f1ol Mikel Landa, due\u00f1o de [&hellip;]<\/p>\n","protected":false},"author":2,"featured_media":4317,"comment_status":"open","ping_status":"open","sticky":false,"template":"","format":"standard","meta":{"tdm_status":"","tdm_grid_status":"","footnotes":""},"categories":[3],"tags":[],"class_list":{"0":"post-4316","1":"post","2":"type-post","3":"status-publish","4":"format-standard","5":"has-post-thumbnail","7":"category-internacional"},"jetpack_featured_media_url":"https:\/\/www.newsmillenium.com\/wp-content\/uploads\/2021\/03\/portada-1-egan-bernal-ciclista-2.jpg","amp_enabled":true,"_links":{"self":[{"href":"https:\/\/www.newsmillenium.com\/index.php\/wp-json\/wp\/v2\/posts\/4316","targetHints":{"allow":["GET"]}}],"collection":[{"href":"https:\/\/www.newsmillenium.com\/index.php\/wp-json\/wp\/v2\/posts"}],"about":[{"href":"https:\/\/www.newsmillenium.com\/index.php\/wp-json\/wp\/v2\/types\/post"}],"author":[{"embeddable":true,"href":"https:\/\/www.newsmillenium.com\/index.php\/wp-json\/wp\/v2\/users\/2"}],"replies":[{"embeddable":true,"href":"https:\/\/www.newsmillenium.com\/index.php\/wp-json\/wp\/v2\/comments?post=4316"}],"version-history":[{"count":1,"href":"https:\/\/www.newsmillenium.com\/index.php\/wp-json\/wp\/v2\/posts\/4316\/revisions"}],"predecessor-version":[{"id":4318,"href":"https:\/\/www.newsmillenium.com\/index.php\/wp-json\/wp\/v2\/posts\/4316\/revisions\/4318"}],"wp:featuredmedia":[{"embeddable":true,"href":"https:\/\/www.newsmillenium.com\/index.php\/wp-json\/wp\/v2\/media\/4317"}],"wp:attachment":[{"href":"https:\/\/www.newsmillenium.com\/index.php\/wp-json\/wp\/v2\/media?parent=4316"}],"wp:term":[{"taxonomy":"category","embeddable":true,"href":"https:\/\/www.newsmillenium.com\/index.php\/wp-json\/wp\/v2\/categories?post=4316"},{"taxonomy":"post_tag","embeddable":true,"href":"https:\/\/www.newsmillenium.com\/index.php\/wp-json\/wp\/v2\/tags?post=4316"}],"curies":[{"name":"wp","href":"https:\/\/api.w.org\/{rel}","templated":true}]}}