{"id":4255,"date":"2021-03-11T12:50:12","date_gmt":"2021-03-11T18:50:12","guid":{"rendered":"https:\/\/www.newsmillenium.com\/?p=4255"},"modified":"2021-03-11T12:50:15","modified_gmt":"2021-03-11T18:50:15","slug":"anuncian-regreso-a-clases-seguro-semipresencial-y-gradual-para-el-sector-publico-y-privado","status":"publish","type":"post","link":"https:\/\/www.newsmillenium.com\/index.php\/2021\/03\/11\/anuncian-regreso-a-clases-seguro-semipresencial-y-gradual-para-el-sector-publico-y-privado\/","title":{"rendered":"Anuncian regreso a clases \u201cseguro, semipresencial y gradual\u201d para el sector p\u00fablico y privado"},"content":{"rendered":"\n<p>El Salvador-Ministerio de Salud ha dado el aval para que estudiantes y maestros regresen a las clases semipresenciales en el sistema p\u00fablico y privado a partir del 6 de abril pr\u00f3ximo.<\/p>\n\n\n\n<p>Desde noviembre de 2020, el Gobierno habilit\u00f3 una plataforma para que centros educativos p\u00fablicos y privados enviaran los protocolos que implementar\u00edan en el momento en que se aprobara el regreso a las aulas, por lo que, \u00fanicamente los que est\u00e9n certificados por Salud y se encuentren inscritos podr\u00e1n iniciar clases de forma semipresencial.<\/p>\n\n\n\n<p>La ministra de Educaci\u00f3n, Carla Hanan\u00eda, asegur\u00f3 que el regreso a clases se har\u00e1 de forma \u201cseguro, gradual, semipresencial y opcional\u201d, con lo que los padres y representantes podr\u00e1n decidir si llevan a sus hijos a las clases presenciales o no.<\/p>\n\n\n\n<p>De optar por continuar con las clases virtuales, los estudiantes seguir\u00e1n teniendo acceso a las m\u00faltiples plataformas habilitadas para la continuidad educativa, as\u00ed como acceso a las herramientas que el Gobierno les ha garantizado de manera permanente.<\/p>\n\n\n\n<p>El Gobierno proveer\u00e1 de mascarillas, term\u00f3metros, alcohol gel e implementos de limpieza a todos los centros escolares p\u00fablicos, y el Ministerio de Salud mantendr\u00e1 un monitoreo constante para verificar que se cumplan todas las medidas de bioseguridad en todos los centros educativos.<\/p>\n\n\n\n<p>El Gobierno garantiza a estudiantes, docentes y padres de familia que el regreso a clases se har\u00e1 de forma segura. Desde que inici\u00f3 la pandemia, las instituciones de Gobierno han trabajado articuladas para mejorar la infraestructura escolar, dignific\u00e1ndola para que la comunidad educativa encuentre las aulas en mejores condiciones de como las dejaron.<\/p>\n\n\n\n<p>Para el Gobierno del Presidente Bukele sigue siendo prioridad salvaguardar la vida de los salvadore\u00f1os, por lo que el regreso a clases se har\u00e1 de forma ordenada y garantizando que tanto centros escolares p\u00fablicos, como colegios y universidades, cumplan con las medidas de prevenci\u00f3n establecidas, a partir de los protocolos que cada centro de estudios present\u00f3 oportunamente.<\/p>\n\n\n\n<p>A trav\u00e9s del Ministerio de Obras P\u00fablicas se contin\u00faa con la inspecci\u00f3n e intervenci\u00f3n de los centros escolares p\u00fablicos. De igual forma, el viceministerio de Transporte mantiene reuniones con los propietarios de transporte p\u00fablico y escolar, para garantizar la aplicaci\u00f3n de las medidas de bioseguridad.<\/p>\n\n\n\n<p>De igual forma, Anda est\u00e1 garantizando el acceso al agua potable, para cuidar que se cumpla con una de las principales medidas de prevenci\u00f3n contra el coronavirus, como es el lavado constante de manos con agua y jab\u00f3n.<\/p>\n\n\n\n<figure class=\"wp-block-jetpack-image-compare\"><div class=\"juxtapose\" data-mode=\"horizontal\"><img loading=\"lazy\" decoding=\"async\" id=\"4257\" src=\"https:\/\/www.newsmillenium.com\/wp-content\/uploads\/2021\/03\/portada-3-tamizaje.jpg\" alt=\"\" width=\"1280\" height=\"853\" class=\"image-compare__image-before\"\/><img class=\"image-compare__image-after\"\/><\/div><\/figure>\n","protected":false},"excerpt":{"rendered":"<p>El Salvador-Ministerio de Salud ha dado el aval para que estudiantes y maestros regresen a las clases semipresenciales en el sistema p\u00fablico y privado a partir del 6 de abril pr\u00f3ximo. Desde noviembre de 2020, el Gobierno habilit\u00f3 una plataforma para que centros educativos p\u00fablicos y privados enviaran los protocolos que implementar\u00edan en el momento [&hellip;]<\/p>\n","protected":false},"author":2,"featured_media":4256,"comment_status":"open","ping_status":"open","sticky":false,"template":"","format":"standard","meta":{"tdm_status":"","tdm_grid_status":"","footnotes":""},"categories":[14],"tags":[],"class_list":{"0":"post-4255","1":"post","2":"type-post","3":"status-publish","4":"format-standard","5":"has-post-thumbnail","7":"category-destacads"},"jetpack_featured_media_url":"https:\/\/www.newsmillenium.com\/wp-content\/uploads\/2021\/03\/portada-2-educacion-y-mas.jpg","amp_enabled":true,"_links":{"self":[{"href":"https:\/\/www.newsmillenium.com\/index.php\/wp-json\/wp\/v2\/posts\/4255","targetHints":{"allow":["GET"]}}],"collection":[{"href":"https:\/\/www.newsmillenium.com\/index.php\/wp-json\/wp\/v2\/posts"}],"about":[{"href":"https:\/\/www.newsmillenium.com\/index.php\/wp-json\/wp\/v2\/types\/post"}],"author":[{"embeddable":true,"href":"https:\/\/www.newsmillenium.com\/index.php\/wp-json\/wp\/v2\/users\/2"}],"replies":[{"embeddable":true,"href":"https:\/\/www.newsmillenium.com\/index.php\/wp-json\/wp\/v2\/comments?post=4255"}],"version-history":[{"count":1,"href":"https:\/\/www.newsmillenium.com\/index.php\/wp-json\/wp\/v2\/posts\/4255\/revisions"}],"predecessor-version":[{"id":4258,"href":"https:\/\/www.newsmillenium.com\/index.php\/wp-json\/wp\/v2\/posts\/4255\/revisions\/4258"}],"wp:featuredmedia":[{"embeddable":true,"href":"https:\/\/www.newsmillenium.com\/index.php\/wp-json\/wp\/v2\/media\/4256"}],"wp:attachment":[{"href":"https:\/\/www.newsmillenium.com\/index.php\/wp-json\/wp\/v2\/media?parent=4255"}],"wp:term":[{"taxonomy":"category","embeddable":true,"href":"https:\/\/www.newsmillenium.com\/index.php\/wp-json\/wp\/v2\/categories?post=4255"},{"taxonomy":"post_tag","embeddable":true,"href":"https:\/\/www.newsmillenium.com\/index.php\/wp-json\/wp\/v2\/tags?post=4255"}],"curies":[{"name":"wp","href":"https:\/\/api.w.org\/{rel}","templated":true}]}}