{"id":4240,"date":"2021-03-11T11:55:21","date_gmt":"2021-03-11T17:55:21","guid":{"rendered":"https:\/\/www.newsmillenium.com\/?p=4240"},"modified":"2021-03-11T11:55:25","modified_gmt":"2021-03-11T17:55:25","slug":"estados-unidos-restaura-programa-de-migracion-legal-para-menores-centroamericanos","status":"publish","type":"post","link":"https:\/\/www.newsmillenium.com\/index.php\/2021\/03\/11\/estados-unidos-restaura-programa-de-migracion-legal-para-menores-centroamericanos\/","title":{"rendered":"Estados Unidos restaura programa de migraci\u00f3n legal para menores centroamericanos"},"content":{"rendered":"\n<p>NotiPress<\/p>\n\n\n\n<p>El gobierno de&nbsp;<strong>Estados Unidos<\/strong>&nbsp;anunci\u00f3 la restauraci\u00f3n y mejora del&nbsp;<strong>Programa para menores centroamericanos<\/strong>&nbsp;(CAM, por sus siglas en ingl\u00e9s). El programa CAM busca brindar una&nbsp;<strong>alternativa legal y segura para reubicar<\/strong>&nbsp;ni\u00f1os de&nbsp;<strong>El Salvador<\/strong>,&nbsp;<strong>Guatemala<\/strong>&nbsp;y&nbsp;<strong>Honduras<\/strong>&nbsp;con padres que&nbsp;<strong>residan legalmente en el pa\u00eds norteamericano<\/strong>. De acuerdo con datos del&nbsp;<strong>Departamento de Estado<\/strong>&nbsp;(DOS, por sus siglas en ingl\u00e9s), el CAM&nbsp;<strong>logr\u00f3 reunir a alrededor de 5 mil familias centroamericanas<\/strong>&nbsp;de 2014 a 2017.<\/p>\n\n\n\n<p>Instituida durante la administraci\u00f3n de&nbsp;<strong>Barack Obama<\/strong>, el programa fue&nbsp;<strong>cancelado en 2017 producto de la Orden ejecutiva 13769<\/strong>, firmada por el entonces presidente&nbsp;<strong>Donald Trump<\/strong>&nbsp;y conocida popularmente como&nbsp;<strong>&#8220;Muslim Ban&#8221;<\/strong>. Con la cancelaci\u00f3n, autom\u00e1ticamente le fue negado el estatus de refugiado o de estancia bajo libertad condicional a&nbsp;<strong>2 mil 714 menores<\/strong>&nbsp;de 21 a\u00f1os.<\/p>\n\n\n\n<p>De acuerdo con el comunicado del portavoz del DOS,&nbsp;<strong>Ned Prince<\/strong>, el programa se desplegar\u00e1 en dos fases. Adem\u00e1s, estar\u00e1 dirigido por el mismo&nbsp;<strong>Bur\u00f3 de Poblaci\u00f3n, Refugiados y Migraci\u00f3n<\/strong>, as\u00ed como el&nbsp;<strong>Servicio de Ciudadan\u00eda e Inmigraci\u00f3n&nbsp;<\/strong>del<strong>&nbsp;Departamento de Seguridad Nacional<\/strong>. La primera fase comenzar\u00e1 en la semana del 15 de marzo y reexaminar\u00e1 la elegibilidad de casos cerrados con la cancelaci\u00f3n del CAM en 2017; mientras que la segunda fase recibir\u00e1 nuevas solicitudes.<\/p>\n\n\n\n<p>En \u00faltima instancia, el CAM busca un m\u00e9todo seguro de migraci\u00f3n alternativo al peligroso paso por la frontera norte de M\u00e9xico. Seg\u00fan datos del&nbsp;<strong>Proyecto de Migrantes Desaparecidos<\/strong>&nbsp;de la&nbsp;<strong>Organizaci\u00f3n Internacional para las Migraciones,<\/strong>&nbsp;en 2019 murieron 530 personas intentando cruzar la frontera, en su mayor\u00eda asesinados.<\/p>\n\n\n\n<p>Al respecto, el comunicado de la DOS emiti\u00f3 la advertencia de no intentar el &#8220;peligroso&#8221; cruce por tierra a Estados Unidos y reiter\u00f3 que el&nbsp;<strong>Programa de menores centroamericanos<\/strong>&nbsp;(CAM)&nbsp;<em>&#8220;refleja nuestros valores como naci\u00f3n&#8221;.&nbsp;<\/em>Junto con la&nbsp;<a href=\"https:\/\/notipress.mx\/internacional\/desde-primer-dia-presidente-biden-pone-fin-muro-fronterizo-mexico-6226\" target=\"_blank\" rel=\"noreferrer noopener\">interrupci\u00f3n<\/a>&nbsp;de la construcci\u00f3n del&nbsp;<strong>muro fronterizo<\/strong>, esta decisi\u00f3n marca distancia entre Joe Biden y la pol\u00edtica de cero tolerancia migratoria de la administraci\u00f3n Trump<\/p>\n","protected":false},"excerpt":{"rendered":"<p>NotiPress El gobierno de&nbsp;Estados Unidos&nbsp;anunci\u00f3 la restauraci\u00f3n y mejora del&nbsp;Programa para menores centroamericanos&nbsp;(CAM, por sus siglas en ingl\u00e9s). El programa CAM busca brindar una&nbsp;alternativa legal y segura para reubicar&nbsp;ni\u00f1os de&nbsp;El Salvador,&nbsp;Guatemala&nbsp;y&nbsp;Honduras&nbsp;con padres que&nbsp;residan legalmente en el pa\u00eds norteamericano. De acuerdo con datos del&nbsp;Departamento de Estado&nbsp;(DOS, por sus siglas en ingl\u00e9s), el CAM&nbsp;logr\u00f3 reunir a alrededor [&hellip;]<\/p>\n","protected":false},"author":2,"featured_media":3618,"comment_status":"open","ping_status":"open","sticky":false,"template":"","format":"standard","meta":{"tdm_status":"","tdm_grid_status":"","footnotes":""},"categories":[3],"tags":[],"class_list":{"0":"post-4240","1":"post","2":"type-post","3":"status-publish","4":"format-standard","5":"has-post-thumbnail","7":"category-internacional"},"jetpack_featured_media_url":"https:\/\/www.newsmillenium.com\/wp-content\/uploads\/2021\/01\/portada-2-biden.jpg","amp_enabled":true,"_links":{"self":[{"href":"https:\/\/www.newsmillenium.com\/index.php\/wp-json\/wp\/v2\/posts\/4240","targetHints":{"allow":["GET"]}}],"collection":[{"href":"https:\/\/www.newsmillenium.com\/index.php\/wp-json\/wp\/v2\/posts"}],"about":[{"href":"https:\/\/www.newsmillenium.com\/index.php\/wp-json\/wp\/v2\/types\/post"}],"author":[{"embeddable":true,"href":"https:\/\/www.newsmillenium.com\/index.php\/wp-json\/wp\/v2\/users\/2"}],"replies":[{"embeddable":true,"href":"https:\/\/www.newsmillenium.com\/index.php\/wp-json\/wp\/v2\/comments?post=4240"}],"version-history":[{"count":1,"href":"https:\/\/www.newsmillenium.com\/index.php\/wp-json\/wp\/v2\/posts\/4240\/revisions"}],"predecessor-version":[{"id":4241,"href":"https:\/\/www.newsmillenium.com\/index.php\/wp-json\/wp\/v2\/posts\/4240\/revisions\/4241"}],"wp:featuredmedia":[{"embeddable":true,"href":"https:\/\/www.newsmillenium.com\/index.php\/wp-json\/wp\/v2\/media\/3618"}],"wp:attachment":[{"href":"https:\/\/www.newsmillenium.com\/index.php\/wp-json\/wp\/v2\/media?parent=4240"}],"wp:term":[{"taxonomy":"category","embeddable":true,"href":"https:\/\/www.newsmillenium.com\/index.php\/wp-json\/wp\/v2\/categories?post=4240"},{"taxonomy":"post_tag","embeddable":true,"href":"https:\/\/www.newsmillenium.com\/index.php\/wp-json\/wp\/v2\/tags?post=4240"}],"curies":[{"name":"wp","href":"https:\/\/api.w.org\/{rel}","templated":true}]}}