{"id":3947,"date":"2021-02-11T12:04:34","date_gmt":"2021-02-11T18:04:34","guid":{"rendered":"https:\/\/www.newsmillenium.com\/?p=3947"},"modified":"2021-02-11T12:04:36","modified_gmt":"2021-02-11T18:04:36","slug":"britney-spears-habla-del-controversial-documental-sobre-su-vida-y-por-el-que-sus-fans-han-arremetido-contra-justin-timberlake","status":"publish","type":"post","link":"https:\/\/www.newsmillenium.com\/index.php\/2021\/02\/11\/britney-spears-habla-del-controversial-documental-sobre-su-vida-y-por-el-que-sus-fans-han-arremetido-contra-justin-timberlake\/","title":{"rendered":"Britney Spears habla del controversial documental sobre su vida y por el que sus fans han arremetido contra Justin Timberlake"},"content":{"rendered":"\n<p>Britney Spears se refiri\u00f3 por primera al controversial documental sobre su vida, el cual expone el control que emerge su padre sobre ella desde hace 13 a\u00f1os y por el que la cantante ha emprendido una batalla legal para liberarse, y que la llev\u00f3 a retirarse de los escenarios para presionar porque eso pase.<\/p>\n\n\n\n<p>La tutela por la que el padre de Spears supervisa todos los aspectos de su vida (financiero, profesional y m\u00e9dico) es el objeto de estudio de la producci\u00f3n audiovisual que acaba de estrenar el prestigioso The New York Times, que aporta una visi\u00f3n perturbadora de su fama y del constante escrutinio p\u00fablico al que estuvo sometida.<\/p>\n\n\n\n<p>Aunque el documental \u201cFraming Britney Spears\u201d debut\u00f3 en FX y Hulu el pasado viernes 5 de febrero, la princesa del pop se pronunci\u00f3 hasta esta semana al respecto a trav\u00e9s de una publicaci\u00f3n en su cuenta de Instagram.<\/p>\n\n\n\n<p>En una parte del audiovisual que se centra en el romance juvenil que Spears sostuvo con Timberlake entre 1999 y 2002 se muestra c\u00f3mo es que el cantante habl\u00f3 p\u00fablicamente sobre haber tenido relaciones sexuales con la int\u00e9rprete, lo cual la afect\u00f3 seriamente. Tuvo que salir a explicar que \u00e9l era la \u00fanica persona con la que hab\u00eda estado, porque las cr\u00edticas no paraban hacia ella.<\/p>\n","protected":false},"excerpt":{"rendered":"<p>Britney Spears se refiri\u00f3 por primera al controversial documental sobre su vida, el cual expone el control que emerge su padre sobre ella desde hace 13 a\u00f1os y por el que la cantante ha emprendido una batalla legal para liberarse, y que la llev\u00f3 a retirarse de los escenarios para presionar porque eso pase. La [&hellip;]<\/p>\n","protected":false},"author":2,"featured_media":3948,"comment_status":"open","ping_status":"open","sticky":false,"template":"","format":"standard","meta":{"tdm_status":"","tdm_grid_status":"","footnotes":""},"categories":[3],"tags":[],"class_list":{"0":"post-3947","1":"post","2":"type-post","3":"status-publish","4":"format-standard","5":"has-post-thumbnail","7":"category-internacional"},"jetpack_featured_media_url":"https:\/\/www.newsmillenium.com\/wp-content\/uploads\/2021\/02\/portada-2-britney-spears-.jpg","amp_enabled":true,"_links":{"self":[{"href":"https:\/\/www.newsmillenium.com\/index.php\/wp-json\/wp\/v2\/posts\/3947","targetHints":{"allow":["GET"]}}],"collection":[{"href":"https:\/\/www.newsmillenium.com\/index.php\/wp-json\/wp\/v2\/posts"}],"about":[{"href":"https:\/\/www.newsmillenium.com\/index.php\/wp-json\/wp\/v2\/types\/post"}],"author":[{"embeddable":true,"href":"https:\/\/www.newsmillenium.com\/index.php\/wp-json\/wp\/v2\/users\/2"}],"replies":[{"embeddable":true,"href":"https:\/\/www.newsmillenium.com\/index.php\/wp-json\/wp\/v2\/comments?post=3947"}],"version-history":[{"count":1,"href":"https:\/\/www.newsmillenium.com\/index.php\/wp-json\/wp\/v2\/posts\/3947\/revisions"}],"predecessor-version":[{"id":3949,"href":"https:\/\/www.newsmillenium.com\/index.php\/wp-json\/wp\/v2\/posts\/3947\/revisions\/3949"}],"wp:featuredmedia":[{"embeddable":true,"href":"https:\/\/www.newsmillenium.com\/index.php\/wp-json\/wp\/v2\/media\/3948"}],"wp:attachment":[{"href":"https:\/\/www.newsmillenium.com\/index.php\/wp-json\/wp\/v2\/media?parent=3947"}],"wp:term":[{"taxonomy":"category","embeddable":true,"href":"https:\/\/www.newsmillenium.com\/index.php\/wp-json\/wp\/v2\/categories?post=3947"},{"taxonomy":"post_tag","embeddable":true,"href":"https:\/\/www.newsmillenium.com\/index.php\/wp-json\/wp\/v2\/tags?post=3947"}],"curies":[{"name":"wp","href":"https:\/\/api.w.org\/{rel}","templated":true}]}}