{"id":3889,"date":"2021-02-09T11:16:34","date_gmt":"2021-02-09T17:16:34","guid":{"rendered":"https:\/\/www.newsmillenium.com\/?p=3889"},"modified":"2021-02-09T11:16:41","modified_gmt":"2021-02-09T17:16:41","slug":"presenta-politica-nacional-agropecuaria-a-sectores-productivos-de-el-salvador","status":"publish","type":"post","link":"https:\/\/www.newsmillenium.com\/index.php\/2021\/02\/09\/presenta-politica-nacional-agropecuaria-a-sectores-productivos-de-el-salvador\/","title":{"rendered":"Presenta Pol\u00edtica Nacional Agropecuaria a sectores productivos de El Salvador"},"content":{"rendered":"\n<p>Funcionarios del gobierno del presidente Nayib Bukele expusieron&nbsp; la Pol\u00edtica Nacional Agropecuaria a distintos sectores productivos del pa\u00eds, con la que se busca recuperar la econom\u00eda del sector agropecuario a trav\u00e9s de actuaciones coordinadas de una manera \u00e1gil y moderna.<\/p>\n\n\n\n<p>El ministro de Agricultura y Ganader\u00eda, Pablo Anliker, dijo que el plan se ha trabajado durante m\u00e1s de un a\u00f1o, y que a pesar de la pandemia, se demuestra el compromiso del Gobierno de El Salvador con los sectores productivos del pa\u00eds.<\/p>\n\n\n\n<p>\u201cHemos trabajado duro con el equipo del secretario de Comercio e Inversiones, Miguel Katt\u00e1n; junto con el de la ministra de Econom\u00eda, Mar\u00eda Luisa Hayem, de manera articulada\u201d, detall\u00f3 Anliker. Explic\u00f3 que los productores salvadore\u00f1os son capaces de producir desde hortalizas hasta granos b\u00e1sicos y que este dinero resultado de la producci\u00f3n genere un crecimiento de la econom\u00eda del pa\u00eds.<\/p>\n\n\n\n<p>Un pa\u00eds productivo y autosuficiente con progreso y mejores condiciones de vida para los agricultores salvadore\u00f1os es el objetivo de esta pol\u00edtica agropecuaria, que adem\u00e1s engloba los sectores del caf\u00e9 y el cultivo de frutas, y verduras.<\/p>\n\n\n\n<p>\u201cTenemos el esp\u00edritu de que cada uno de los gremios que representan salga adelante y los vamos a defender como Gobierno y no vamos a permitir que el agro se hunda un cent\u00edmetro m\u00e1s\u201d, reiter\u00f3 el titular de Agricultura y Ganader\u00eda.<\/p>\n\n\n\n<p>La ministra de Econom\u00eda detall\u00f3 que el proyecto tiene el respaldo de organismos internacionales, quienes al conocer la iniciativa se han quedado satisfechos, pues tiene todos los elementos para ser exitoso. \u201cTiene la articulaci\u00f3n de las distintas instituciones del Estado que est\u00e1n en la mesa, tiene el compromiso de todos los titulares de sacar adelante las diferentes medidas del plan maestro\u201d, dijo la funcionaria.<\/p>\n","protected":false},"excerpt":{"rendered":"<p>Funcionarios del gobierno del presidente Nayib Bukele expusieron&nbsp; la Pol\u00edtica Nacional Agropecuaria a distintos sectores productivos del pa\u00eds, con la que se busca recuperar la econom\u00eda del sector agropecuario a trav\u00e9s de actuaciones coordinadas de una manera \u00e1gil y moderna. El ministro de Agricultura y Ganader\u00eda, Pablo Anliker, dijo que el plan se ha trabajado [&hellip;]<\/p>\n","protected":false},"author":2,"featured_media":3890,"comment_status":"open","ping_status":"open","sticky":false,"template":"","format":"standard","meta":{"tdm_status":"","tdm_grid_status":"","footnotes":""},"categories":[4],"tags":[],"class_list":{"0":"post-3889","1":"post","2":"type-post","3":"status-publish","4":"format-standard","5":"has-post-thumbnail","7":"category-elsalvador"},"jetpack_featured_media_url":"https:\/\/www.newsmillenium.com\/wp-content\/uploads\/2021\/02\/portada-1-MAG.jpg","amp_enabled":true,"_links":{"self":[{"href":"https:\/\/www.newsmillenium.com\/index.php\/wp-json\/wp\/v2\/posts\/3889","targetHints":{"allow":["GET"]}}],"collection":[{"href":"https:\/\/www.newsmillenium.com\/index.php\/wp-json\/wp\/v2\/posts"}],"about":[{"href":"https:\/\/www.newsmillenium.com\/index.php\/wp-json\/wp\/v2\/types\/post"}],"author":[{"embeddable":true,"href":"https:\/\/www.newsmillenium.com\/index.php\/wp-json\/wp\/v2\/users\/2"}],"replies":[{"embeddable":true,"href":"https:\/\/www.newsmillenium.com\/index.php\/wp-json\/wp\/v2\/comments?post=3889"}],"version-history":[{"count":1,"href":"https:\/\/www.newsmillenium.com\/index.php\/wp-json\/wp\/v2\/posts\/3889\/revisions"}],"predecessor-version":[{"id":3891,"href":"https:\/\/www.newsmillenium.com\/index.php\/wp-json\/wp\/v2\/posts\/3889\/revisions\/3891"}],"wp:featuredmedia":[{"embeddable":true,"href":"https:\/\/www.newsmillenium.com\/index.php\/wp-json\/wp\/v2\/media\/3890"}],"wp:attachment":[{"href":"https:\/\/www.newsmillenium.com\/index.php\/wp-json\/wp\/v2\/media?parent=3889"}],"wp:term":[{"taxonomy":"category","embeddable":true,"href":"https:\/\/www.newsmillenium.com\/index.php\/wp-json\/wp\/v2\/categories?post=3889"},{"taxonomy":"post_tag","embeddable":true,"href":"https:\/\/www.newsmillenium.com\/index.php\/wp-json\/wp\/v2\/tags?post=3889"}],"curies":[{"name":"wp","href":"https:\/\/api.w.org\/{rel}","templated":true}]}}