{"id":3705,"date":"2021-01-24T09:28:49","date_gmt":"2021-01-24T15:28:49","guid":{"rendered":"https:\/\/www.newsmillenium.com\/?p=3705"},"modified":"2021-01-24T09:28:51","modified_gmt":"2021-01-24T15:28:51","slug":"nueva-tradicion-entre-los-ciclistas","status":"publish","type":"post","link":"https:\/\/www.newsmillenium.com\/index.php\/2021\/01\/24\/nueva-tradicion-entre-los-ciclistas\/","title":{"rendered":"NUEVA TRADICI\u00d3N ENTRE LOS CICLISTAS"},"content":{"rendered":"\n<p>Los pedalistas salvadore\u00f1os no quisieron que se perdiera una tradici\u00f3n y, ante las dificultades generadas por la pandemia del COVID-19, desistieron de visitar Esquipulas y optaron por viajar este s\u00e1bado a San Bartolom\u00e9 Perulap\u00eda, Cuscatl\u00e1n.<\/p>\n\n\n\n<p>En total fueron 65 ciclistas de diferentes categor\u00edas, en su mayor\u00eda m\u00e1ster, quienes participaron en la primera edici\u00f3n de la peregrinaci\u00f3n a la parroquia San Bartolom\u00e9 Ap\u00f3stol, del municipio de San Bartolom\u00e9 Perulap\u00eda, en Cuscatl\u00e1n, la cual fue organizada por la Federaci\u00f3n Salvadore\u00f1a de Ciclismo (FSC).<\/p>\n\n\n\n<p>\u201cLos pedalistas visitaron el altar mayor de la Iglesia donde se venera al Cristo Negro, para as\u00ed pedir por la protecci\u00f3n y seguridad del pelot\u00f3n salvadore\u00f1o en las diferentes rutas y carreteras de nuestro pa\u00eds\u201d, coment\u00f3 Manuel Rebollo, encargado de prensa de la FSC.<\/p>\n\n\n\n<p>En el altar de la parroquia se encuentra una r\u00e9plica de la imagen del Cristo Negro, elaborada por Quirio Cata\u00f1o, autor de la obra original.<\/p>\n\n\n\n<p>\u201cNormalmente se corre hacia Guatemala, pero hoy, por situaciones obvias, no se ha podido, y decidieron venir ac\u00e1. Nosotros, como parte del equipo y para entrenar con los muchachos, decidimos hacer la peregrinaci\u00f3n\u201d, expres\u00f3 Dagoberto Joya, encargado de los ciclistas cadetes y junior.<\/p>\n\n\n\n<p>La peregrinaci\u00f3n inici\u00f3 en la gasolinera ubicada en el kil\u00f3metro 29 de la carretera a Santa Ana, de donde salieron rumbo a San Juan Opico, San Pablo Tacachico y El Paisnal, para dirigirse a Suchitoto, y completar en San Bartolom\u00e9 Perulap\u00eda los m\u00e1s de 90 kil\u00f3metros de recorrido<\/p>\n\n\n\n<p>\u201cHa sido tiempo dif\u00edcil pero hemos logrado entrenar, en los tiempos m\u00e1s dif\u00edciles en la casa con el rodillo, y ya al salir a la calle tratar de tomar las medidas necesarias porque sabemos que tenemos que cuidarnos y cuidar la salud de los muchachos, que al final es lo m\u00e1s importante\u201d, agreg\u00f3 Joya.<\/p>\n","protected":false},"excerpt":{"rendered":"<p>Los pedalistas salvadore\u00f1os no quisieron que se perdiera una tradici\u00f3n y, ante las dificultades generadas por la pandemia del COVID-19, desistieron de visitar Esquipulas y optaron por viajar este s\u00e1bado a San Bartolom\u00e9 Perulap\u00eda, Cuscatl\u00e1n. En total fueron 65 ciclistas de diferentes categor\u00edas, en su mayor\u00eda m\u00e1ster, quienes participaron en la primera edici\u00f3n de la [&hellip;]<\/p>\n","protected":false},"author":2,"featured_media":3706,"comment_status":"open","ping_status":"open","sticky":false,"template":"","format":"standard","meta":{"tdm_status":"","tdm_grid_status":"","footnotes":""},"categories":[14],"tags":[],"class_list":{"0":"post-3705","1":"post","2":"type-post","3":"status-publish","4":"format-standard","5":"has-post-thumbnail","7":"category-destacads"},"jetpack_featured_media_url":"https:\/\/www.newsmillenium.com\/wp-content\/uploads\/2021\/01\/Peregrinos-en-Bicicletas-ciclismo_08-scaled.jpg","amp_enabled":true,"_links":{"self":[{"href":"https:\/\/www.newsmillenium.com\/index.php\/wp-json\/wp\/v2\/posts\/3705","targetHints":{"allow":["GET"]}}],"collection":[{"href":"https:\/\/www.newsmillenium.com\/index.php\/wp-json\/wp\/v2\/posts"}],"about":[{"href":"https:\/\/www.newsmillenium.com\/index.php\/wp-json\/wp\/v2\/types\/post"}],"author":[{"embeddable":true,"href":"https:\/\/www.newsmillenium.com\/index.php\/wp-json\/wp\/v2\/users\/2"}],"replies":[{"embeddable":true,"href":"https:\/\/www.newsmillenium.com\/index.php\/wp-json\/wp\/v2\/comments?post=3705"}],"version-history":[{"count":1,"href":"https:\/\/www.newsmillenium.com\/index.php\/wp-json\/wp\/v2\/posts\/3705\/revisions"}],"predecessor-version":[{"id":3707,"href":"https:\/\/www.newsmillenium.com\/index.php\/wp-json\/wp\/v2\/posts\/3705\/revisions\/3707"}],"wp:featuredmedia":[{"embeddable":true,"href":"https:\/\/www.newsmillenium.com\/index.php\/wp-json\/wp\/v2\/media\/3706"}],"wp:attachment":[{"href":"https:\/\/www.newsmillenium.com\/index.php\/wp-json\/wp\/v2\/media?parent=3705"}],"wp:term":[{"taxonomy":"category","embeddable":true,"href":"https:\/\/www.newsmillenium.com\/index.php\/wp-json\/wp\/v2\/categories?post=3705"},{"taxonomy":"post_tag","embeddable":true,"href":"https:\/\/www.newsmillenium.com\/index.php\/wp-json\/wp\/v2\/tags?post=3705"}],"curies":[{"name":"wp","href":"https:\/\/api.w.org\/{rel}","templated":true}]}}