{"id":3547,"date":"2021-01-12T10:38:18","date_gmt":"2021-01-12T16:38:18","guid":{"rendered":"https:\/\/www.newsmillenium.com\/?p=3547"},"modified":"2021-01-12T10:38:23","modified_gmt":"2021-01-12T16:38:23","slug":"cientos-de-salvadorenos-beneficiados-con-jornada-medica","status":"publish","type":"post","link":"https:\/\/www.newsmillenium.com\/index.php\/2021\/01\/12\/cientos-de-salvadorenos-beneficiados-con-jornada-medica\/","title":{"rendered":"Cientos de salvadore\u00f1os beneficiados con jornada m\u00e9dica"},"content":{"rendered":"\n<p>Como parte de las estrategias implementadas por el Gobierno del Presidente Nayib Bukele para proteger la salud de la poblaci\u00f3n salvadore\u00f1a, el Ministerio de Salud desarroll\u00f3 una jornada de atenciones m\u00e9dicas en dos puntos del barrio San Jacinto de San Salvador.<\/p>\n\n\n\n<p>El personal de salud especializado en odontolog\u00eda, nutrici\u00f3n, ginecolog\u00eda, vacunaci\u00f3n y consulta general atendi\u00f3 a la poblaci\u00f3n en los alrededores de la ex Casa Presidencial, en el cuartel El Zapote, y tambi\u00e9n en el Complejo Educativo Dr. Humberto Romero Alvergue.<\/p>\n\n\n\n<p>El director de la Unidad de Salud Especializada de San Jacinto, Ra\u00fal Ernesto Granados, asegur\u00f3 que el Gobierno busca acercar la atenci\u00f3n a la comunidad y reducir la afluencia de personas en las unidades de salud.<\/p>\n\n\n\n<p>Las personas beneficiadas en la jornada m\u00e9dica agradecieron al Presidente Bukele y al ministro de Salud por su preocupaci\u00f3n por la salud del pueblo salvadore\u00f1o.<\/p>\n\n\n\n<p>Desde el inicio de la pandemia por COVID-19, el Gobierno ha intensificado diferentes estrategias para cuidar la salud de la poblaci\u00f3n, entre ellas, las jornadas de salud que llegan con servicios m\u00e9dicos a comunidades en riesgo.<\/p>\n\n\n\n<figure class=\"wp-block-image size-large td-caption-align-https:\/\/www.newsmillenium.com\/wp-content\/uploads\/2021\/01\/portada-3-jornsda-medica.jpg\"><img loading=\"lazy\" decoding=\"async\" width=\"1024\" height=\"682\" src=\"https:\/\/www.newsmillenium.com\/wp-content\/uploads\/2021\/01\/portada-3-jornsda-medica-1024x682.jpg\" alt=\"\" class=\"wp-image-3549\" srcset=\"https:\/\/www.newsmillenium.com\/wp-content\/uploads\/2021\/01\/portada-3-jornsda-medica-1024x682.jpg 1024w, https:\/\/www.newsmillenium.com\/wp-content\/uploads\/2021\/01\/portada-3-jornsda-medica-300x200.jpg 300w, https:\/\/www.newsmillenium.com\/wp-content\/uploads\/2021\/01\/portada-3-jornsda-medica-768x512.jpg 768w, https:\/\/www.newsmillenium.com\/wp-content\/uploads\/2021\/01\/portada-3-jornsda-medica-696x464.jpg 696w, https:\/\/www.newsmillenium.com\/wp-content\/uploads\/2021\/01\/portada-3-jornsda-medica-1068x712.jpg 1068w, https:\/\/www.newsmillenium.com\/wp-content\/uploads\/2021\/01\/portada-3-jornsda-medica-630x420.jpg 630w, https:\/\/www.newsmillenium.com\/wp-content\/uploads\/2021\/01\/portada-3-jornsda-medica.jpg 1280w\" sizes=\"auto, (max-width: 1024px) 100vw, 1024px\" \/><\/figure>\n","protected":false},"excerpt":{"rendered":"<p>Como parte de las estrategias implementadas por el Gobierno del Presidente Nayib Bukele para proteger la salud de la poblaci\u00f3n salvadore\u00f1a, el Ministerio de Salud desarroll\u00f3 una jornada de atenciones m\u00e9dicas en dos puntos del barrio San Jacinto de San Salvador. El personal de salud especializado en odontolog\u00eda, nutrici\u00f3n, ginecolog\u00eda, vacunaci\u00f3n y consulta general atendi\u00f3 [&hellip;]<\/p>\n","protected":false},"author":2,"featured_media":3548,"comment_status":"open","ping_status":"open","sticky":false,"template":"","format":"standard","meta":{"tdm_status":"","tdm_grid_status":"","footnotes":""},"categories":[4],"tags":[],"class_list":{"0":"post-3547","1":"post","2":"type-post","3":"status-publish","4":"format-standard","5":"has-post-thumbnail","7":"category-elsalvador"},"jetpack_featured_media_url":"https:\/\/www.newsmillenium.com\/wp-content\/uploads\/2021\/01\/portada-2-jornada-medica.jpg","amp_enabled":true,"_links":{"self":[{"href":"https:\/\/www.newsmillenium.com\/index.php\/wp-json\/wp\/v2\/posts\/3547","targetHints":{"allow":["GET"]}}],"collection":[{"href":"https:\/\/www.newsmillenium.com\/index.php\/wp-json\/wp\/v2\/posts"}],"about":[{"href":"https:\/\/www.newsmillenium.com\/index.php\/wp-json\/wp\/v2\/types\/post"}],"author":[{"embeddable":true,"href":"https:\/\/www.newsmillenium.com\/index.php\/wp-json\/wp\/v2\/users\/2"}],"replies":[{"embeddable":true,"href":"https:\/\/www.newsmillenium.com\/index.php\/wp-json\/wp\/v2\/comments?post=3547"}],"version-history":[{"count":1,"href":"https:\/\/www.newsmillenium.com\/index.php\/wp-json\/wp\/v2\/posts\/3547\/revisions"}],"predecessor-version":[{"id":3550,"href":"https:\/\/www.newsmillenium.com\/index.php\/wp-json\/wp\/v2\/posts\/3547\/revisions\/3550"}],"wp:featuredmedia":[{"embeddable":true,"href":"https:\/\/www.newsmillenium.com\/index.php\/wp-json\/wp\/v2\/media\/3548"}],"wp:attachment":[{"href":"https:\/\/www.newsmillenium.com\/index.php\/wp-json\/wp\/v2\/media?parent=3547"}],"wp:term":[{"taxonomy":"category","embeddable":true,"href":"https:\/\/www.newsmillenium.com\/index.php\/wp-json\/wp\/v2\/categories?post=3547"},{"taxonomy":"post_tag","embeddable":true,"href":"https:\/\/www.newsmillenium.com\/index.php\/wp-json\/wp\/v2\/tags?post=3547"}],"curies":[{"name":"wp","href":"https:\/\/api.w.org\/{rel}","templated":true}]}}