{"id":2719,"date":"2020-11-09T12:24:04","date_gmt":"2020-11-09T18:24:04","guid":{"rendered":"https:\/\/www.newsmillenium.com\/?p=2719"},"modified":"2020-11-09T12:25:44","modified_gmt":"2020-11-09T18:25:44","slug":"igualdad-racial-salud-economia-y-medio-ambiente-entre-las-prioridades-de-joe-biden","status":"publish","type":"post","link":"https:\/\/www.newsmillenium.com\/index.php\/2020\/11\/09\/igualdad-racial-salud-economia-y-medio-ambiente-entre-las-prioridades-de-joe-biden\/","title":{"rendered":"Igualdad racial, salud, econom\u00eda y medio ambiente entre las prioridades de Joe Biden"},"content":{"rendered":"\n<p><strong>Agencia \u2013NotiPress MX<\/strong><\/p>\n\n\n\n<p><strong>Joe Biden<\/strong>, presidente electo de&nbsp;<strong>Estados Unidos<\/strong>&nbsp;anunci\u00f3 el 8 de noviembre el lanzamiento de su equipo de transici\u00f3n, el cual se centrar\u00e1 en los&nbsp;<strong>desaf\u00edos clave del pa\u00eds<\/strong>: enfrentar la&nbsp;<strong>pandemia de Covid-19<\/strong>,&nbsp;<strong>recuperaci\u00f3n econ\u00f3mica<\/strong>, garantizar la&nbsp;<strong>equidad racial<\/strong>&nbsp;y la preservaci\u00f3n del medio ambiente con el&nbsp;<strong>combate al cambio clim\u00e1tico<\/strong>. Mediante la puesta en marcha de la p\u00e1gina web&nbsp;<a href=\"http:\/\/buildbackbetter.com\/\" target=\"_blank\" rel=\"noreferrer noopener\">buildbackbetter.com<\/a>&nbsp;y el perfil Transition46 de Facebook y Twitter,&nbsp;<strong>la f\u00f3rmula Biden-Harris expuso las prioridades de su administraci\u00f3n<\/strong>.<\/p>\n\n\n\n<p>En materia de la&nbsp;<strong>pandemia de Covid-19<\/strong>, la vicepresidenta electa&nbsp;<strong>Kamala Harris<\/strong>&nbsp;y Biden llevar\u00e1n a cabo siete puntos para enfrentar las consecuencias de la emergencia sanitaria: asegurar que todos los estadounidenses tengan&nbsp;<strong>acceso a pruebas regulares, gratuitas y efectivas<\/strong>; solucionar los&nbsp;<strong>problemas con el equipo de protecci\u00f3n personal<\/strong>&nbsp;(EPP) definitivamente, es decir, aumentar\u00e1n la producci\u00f3n de mascarillas, protectores faciales en funci\u00f3n de que la oferta nacional supere la demanda; dar una&nbsp;<strong>orientaci\u00f3n basada en evidencia<\/strong>&nbsp;sobre c\u00f3mo lidiar con la pandemia para escuelas, negocios peque\u00f1os y familias.<\/p>\n\n\n\n<p>Asimismo, la f\u00f3rmula ganadora de las elecciones buscar\u00e1 planificar la&nbsp;<strong>distribuci\u00f3n efectiva y equitativa de los tratamientos y vacunas contra la Covid-19,<\/strong>&nbsp;invirtiendo 25 mil millones de d\u00f3lares en un plan de fabricaci\u00f3n y distribuci\u00f3n el cual garantice el acceso a todo el pa\u00eds sin costo;&nbsp;<strong>proteger a los estadounidenses mayores y otros sectores de alto riesgo<\/strong>&nbsp;vulnerables al virus SARS-CoV-2; implementar&nbsp;<strong>\u00f3rdenes de usar cubrebocas<\/strong>&nbsp;en todo el pa\u00eds a trav\u00e9s de un trabajo conjunto con gobernadores y alcaldes; finalmente, reconstruir y ampliar defensas para&nbsp;<strong>predecir, prevenir y mitigar las amenazas pand\u00e9micas<\/strong>, incluyendo las de China.<\/p>\n\n\n\n<p>Respecto a la&nbsp;<strong>reactivaci\u00f3n de la econom\u00eda estadounidense<\/strong>, el plan de la administraci\u00f3n Biden-Harris movilizar\u00e1 la econom\u00eda al servicio de cuatro esfuerzos nacionales: impulsar la&nbsp;<strong>fabricaci\u00f3n y la innovaci\u00f3n estadounidense<\/strong>&nbsp;en funci\u00f3n de garantizar &#8220;que el futuro se haga en Estados Unidos&#8221;;&nbsp;<strong>movilizar el &#8220;ingenio estadounidense&#8221;<\/strong>&nbsp;para construir una infraestructura moderna &#8220;y un futuro de energ\u00eda limpia y equitativa&#8221;, construcci\u00f3n de una&nbsp;<strong>fuerza laboral educativa y de cuidados del siglo XXI<\/strong>, por ejemplo, facilitar el pago del cuidado infantil y mejor acceso al cuidado a domicilio y comunitario; y convocar a todos los sectores para&nbsp;<strong>promover la equidad racial<\/strong>&nbsp;en Estados Unidos.<\/p>\n\n\n\n<p>Por su parte, la administraci\u00f3n Biden-Harris apuesta por &#8220;enfrentar la creciente desigualdad econ\u00f3mica derivada del racismo sist\u00e9mico&#8221; que vive actualmente la comunidad afroamericana y latina en Estados Unidos. En funci\u00f3n de garantizar la equidad racial en el pa\u00eds se impulsar\u00e1 la&nbsp;<strong>inversi\u00f3n p\u00fablico-privada<\/strong>&nbsp;mediante un plan de oportunidades a peque\u00f1os negocios;&nbsp;<strong>se reformar\u00e1n las zonas de oportunidad<\/strong>&nbsp;&#8220;para que cumplan su promesa&#8221; y se realizar\u00e1 un&nbsp;<strong>compromiso hist\u00f3rico para igualar las compras federales<\/strong>.<\/p>\n\n\n\n<p>De igual forma, asegurar\u00e1 que el plan de vivienda haga&nbsp;<strong>inversiones en el acceso a viviendas asequibles<\/strong>&nbsp;para las familias negras, latinas y nativas americanas. La administraci\u00f3n del presidente electo Biden promover\u00e1 la&nbsp;<strong>seguridad en la jubilaci\u00f3n y la riqueza financiera<\/strong>&nbsp;de este sector, as\u00ed como fortalecer el enfoque de la Reserva Federal sobre las&nbsp;<strong>brechas econ\u00f3micas raciales<\/strong>.<\/p>\n\n\n\n<p>La respuesta de Estados Unidos ante la&nbsp;<strong>emergencia del cambio clim\u00e1tico<\/strong>&nbsp;fue controversial en la administraci\u00f3n del todav\u00eda presidente&nbsp;<strong>Donald Trump<\/strong>, cuando se retir\u00f3 del&nbsp;<strong>Acuerdo de Par\u00eds<\/strong>&nbsp;a finales de 2019 al argumentar que el pacto afectar\u00eda la econom\u00eda nacional. En cambio, el pr\u00f3ximo ocupante de la Casa Blanca, Biden, asegur\u00f3,&nbsp;<strong>volver\u00e1 a comprometer a Estados Unidos con dicho acuerdo<\/strong>, adem\u00e1s de llevar a cabo un esfuerzo nacional para crear empleos, construir una infraestructura sostenible y &#8220;ofrecer un futuro de energ\u00eda limpia&#8221;.<\/p>\n\n\n\n<p><strong>Estados Unidos<\/strong>&nbsp;es el pa\u00eds m\u00e1s afectado por la&nbsp;<strong>pandemia de Covid-19<\/strong>&nbsp;con m\u00e1s de 10 millones de casos activos y alrededor de 238 mil muertes. El presidente electo,&nbsp;<strong>Joe Biden<\/strong>&nbsp;y la vicepresidenta electa&nbsp;<strong>Kamala Harris<\/strong>&nbsp;<strong>pondr\u00e1n como prioridad la recuperaci\u00f3n econ\u00f3mica, respuesta ante Covid-19, equidad racial y salud p\u00fablica<\/strong>.<\/p>\n","protected":false},"excerpt":{"rendered":"<p>Agencia \u2013NotiPress MX Joe Biden, presidente electo de&nbsp;Estados Unidos&nbsp;anunci\u00f3 el 8 de noviembre el lanzamiento de su equipo de transici\u00f3n, el cual se centrar\u00e1 en los&nbsp;desaf\u00edos clave del pa\u00eds: enfrentar la&nbsp;pandemia de Covid-19,&nbsp;recuperaci\u00f3n econ\u00f3mica, garantizar la&nbsp;equidad racial&nbsp;y la preservaci\u00f3n del medio ambiente con el&nbsp;combate al cambio clim\u00e1tico. Mediante la puesta en marcha de la p\u00e1gina [&hellip;]<\/p>\n","protected":false},"author":2,"featured_media":2723,"comment_status":"open","ping_status":"open","sticky":false,"template":"","format":"standard","meta":{"tdm_status":"","tdm_grid_status":"","footnotes":""},"categories":[2,3],"tags":[],"class_list":{"0":"post-2719","1":"post","2":"type-post","3":"status-publish","4":"format-standard","5":"has-post-thumbnail","7":"category-featured","8":"category-internacional"},"jetpack_featured_media_url":"https:\/\/www.newsmillenium.com\/wp-content\/uploads\/2020\/11\/portada-2-joe-biden.jpg","amp_enabled":true,"_links":{"self":[{"href":"https:\/\/www.newsmillenium.com\/index.php\/wp-json\/wp\/v2\/posts\/2719","targetHints":{"allow":["GET"]}}],"collection":[{"href":"https:\/\/www.newsmillenium.com\/index.php\/wp-json\/wp\/v2\/posts"}],"about":[{"href":"https:\/\/www.newsmillenium.com\/index.php\/wp-json\/wp\/v2\/types\/post"}],"author":[{"embeddable":true,"href":"https:\/\/www.newsmillenium.com\/index.php\/wp-json\/wp\/v2\/users\/2"}],"replies":[{"embeddable":true,"href":"https:\/\/www.newsmillenium.com\/index.php\/wp-json\/wp\/v2\/comments?post=2719"}],"version-history":[{"count":1,"href":"https:\/\/www.newsmillenium.com\/index.php\/wp-json\/wp\/v2\/posts\/2719\/revisions"}],"predecessor-version":[{"id":2721,"href":"https:\/\/www.newsmillenium.com\/index.php\/wp-json\/wp\/v2\/posts\/2719\/revisions\/2721"}],"wp:featuredmedia":[{"embeddable":true,"href":"https:\/\/www.newsmillenium.com\/index.php\/wp-json\/wp\/v2\/media\/2723"}],"wp:attachment":[{"href":"https:\/\/www.newsmillenium.com\/index.php\/wp-json\/wp\/v2\/media?parent=2719"}],"wp:term":[{"taxonomy":"category","embeddable":true,"href":"https:\/\/www.newsmillenium.com\/index.php\/wp-json\/wp\/v2\/categories?post=2719"},{"taxonomy":"post_tag","embeddable":true,"href":"https:\/\/www.newsmillenium.com\/index.php\/wp-json\/wp\/v2\/tags?post=2719"}],"curies":[{"name":"wp","href":"https:\/\/api.w.org\/{rel}","templated":true}]}}