{"id":26882,"date":"2026-04-30T07:31:19","date_gmt":"2026-04-30T13:31:19","guid":{"rendered":"https:\/\/www.newsmillenium.com\/?p=26882"},"modified":"2026-04-30T07:31:21","modified_gmt":"2026-04-30T13:31:21","slug":"karate-ya-tiene-a-los-campeones-de-la-copa-libertad-2026","status":"publish","type":"post","link":"https:\/\/www.newsmillenium.com\/index.php\/2026\/04\/30\/karate-ya-tiene-a-los-campeones-de-la-copa-libertad-2026\/","title":{"rendered":"Karate ya tiene a los campeones de la Copa Libertad 2026"},"content":{"rendered":"\n<p>El Dojo UES-Seiken conquist\u00f3 33 medallas de oro y se coron\u00f3 campe\u00f3n de la Copa Libertad 2026, competencia organizada por la Federaci\u00f3n Salvadore\u00f1a de Karate (FSK) el pasado fin de semana en la Cuna del M\u00e1gico.<\/p>\n\n\n\n<p>En la segunda posici\u00f3n de la clasificaci\u00f3n general qued\u00f3 Bushido Kai con 11 metales dorados y la tercera casilla la asegur\u00f3 \u00c1guilas del Sur con 10 preseas de oro.<\/p>\n\n\n\n<p><\/p>\n\n\n\n<p>La competencia reuni\u00f3 a m\u00e1s de 400 atletas de las categor\u00edas infantil, juvenil, mayores y m\u00e1ster, seg\u00fan los datos de la FSK.<\/p>\n\n\n\n<p>\u201cEl \u00e9xito del evento ha sido porque tuvimos una buena cantidad de competidores y podemos foguear a nuestras selecciones juveniles y mayor\u201d, coment\u00f3 Oswalds Mata, presidente de la Federaci\u00f3n Salvadore\u00f1a de Karate (FSK).<\/p>\n\n\n\n<p>En las plazas obtenidas para los Juegos Santo Domingo 2026, Oswalds Mata, destac\u00f3 el apoyo del INDES y otras entidades.<\/p>\n\n\n\n<p><\/p>\n\n\n\n<p>Los karatecas derrocharon su entusiasmo y t\u00e9cnica en las modalidades de kobudo, kata y kumite.<\/p>\n\n\n\n<p>En la jornada sabatina tuvieron acci\u00f3n los atletas de las categor\u00edas juveniles y mayores, entre ellos algunos de los seleccionados nacionales que lograron su clasificaci\u00f3n a los Juegos Centroamericanos y del Caribe Santo Domingo 2026.<\/p>\n\n\n\n<p>Helen Gal\u00e1n se colg\u00f3 la presea dorada en kata individual femenina; Andrea Ruiz domin\u00f3 la categor\u00eda kumite +68 kilogramos y Gabriella Izaguirre fue la campeona en kumite -55 kilogramos. Las karatecas pertenecen al Programa Esfuerzo y Gloria.<\/p>\n\n\n\n<p><\/p>\n\n\n\n<p>\u201cNos sentimos comprometidos como federaci\u00f3n, cuando hemos tenido el apoyo total y los muchachos han respondido\u201d, dijo el federativo.<\/p>\n\n\n\n<p>En la competencia participaron atletas de Santa Ana, Ahuachap\u00e1n, Sonsonate, La Libertad, San Salvador, La Paz, Usulut\u00e1n y San Miguel, entre otros departamentos, confirm\u00f3 la FSK.<\/p>\n\n\n\n<p>Las acciones de la Copa Libertad 2026 de Karate continuaron el domingo con las diferentes categor\u00edas infantiles desde ni\u00f1os de 3 a\u00f1os hasta los 13.<\/p>\n","protected":false},"excerpt":{"rendered":"<p>El Dojo UES-Seiken conquist\u00f3 33 medallas de oro y se coron\u00f3 campe\u00f3n de la Copa Libertad 2026, competencia organizada por la Federaci\u00f3n Salvadore\u00f1a de Karate (FSK) el pasado fin de semana en la Cuna del M\u00e1gico. En la segunda posici\u00f3n de la clasificaci\u00f3n general qued\u00f3 Bushido Kai con 11 metales dorados y la tercera casilla [&hellip;]<\/p>\n","protected":false},"author":2,"featured_media":26883,"comment_status":"open","ping_status":"open","sticky":false,"template":"","format":"standard","meta":{"tdm_status":"","tdm_grid_status":"","footnotes":""},"categories":[5],"tags":[],"class_list":{"0":"post-26882","1":"post","2":"type-post","3":"status-publish","4":"format-standard","5":"has-post-thumbnail","7":"category-deportes"},"jetpack_featured_media_url":"https:\/\/www.newsmillenium.com\/wp-content\/uploads\/2026\/04\/portada-1-karate.jpg","amp_enabled":true,"_links":{"self":[{"href":"https:\/\/www.newsmillenium.com\/index.php\/wp-json\/wp\/v2\/posts\/26882","targetHints":{"allow":["GET"]}}],"collection":[{"href":"https:\/\/www.newsmillenium.com\/index.php\/wp-json\/wp\/v2\/posts"}],"about":[{"href":"https:\/\/www.newsmillenium.com\/index.php\/wp-json\/wp\/v2\/types\/post"}],"author":[{"embeddable":true,"href":"https:\/\/www.newsmillenium.com\/index.php\/wp-json\/wp\/v2\/users\/2"}],"replies":[{"embeddable":true,"href":"https:\/\/www.newsmillenium.com\/index.php\/wp-json\/wp\/v2\/comments?post=26882"}],"version-history":[{"count":1,"href":"https:\/\/www.newsmillenium.com\/index.php\/wp-json\/wp\/v2\/posts\/26882\/revisions"}],"predecessor-version":[{"id":26884,"href":"https:\/\/www.newsmillenium.com\/index.php\/wp-json\/wp\/v2\/posts\/26882\/revisions\/26884"}],"wp:featuredmedia":[{"embeddable":true,"href":"https:\/\/www.newsmillenium.com\/index.php\/wp-json\/wp\/v2\/media\/26883"}],"wp:attachment":[{"href":"https:\/\/www.newsmillenium.com\/index.php\/wp-json\/wp\/v2\/media?parent=26882"}],"wp:term":[{"taxonomy":"category","embeddable":true,"href":"https:\/\/www.newsmillenium.com\/index.php\/wp-json\/wp\/v2\/categories?post=26882"},{"taxonomy":"post_tag","embeddable":true,"href":"https:\/\/www.newsmillenium.com\/index.php\/wp-json\/wp\/v2\/tags?post=26882"}],"curies":[{"name":"wp","href":"https:\/\/api.w.org\/{rel}","templated":true}]}}