{"id":26876,"date":"2026-04-30T07:22:27","date_gmt":"2026-04-30T13:22:27","guid":{"rendered":"https:\/\/www.newsmillenium.com\/?p=26876"},"modified":"2026-04-30T07:22:33","modified_gmt":"2026-04-30T13:22:33","slug":"diaspora-salvadorena-contara-con-representacion-directa-en-asamblea-legislativa","status":"publish","type":"post","link":"https:\/\/www.newsmillenium.com\/index.php\/2026\/04\/30\/diaspora-salvadorena-contara-con-representacion-directa-en-asamblea-legislativa\/","title":{"rendered":"Di\u00e1spora salvadore\u00f1a contar\u00e1 con representaci\u00f3n directa en Asamblea Legislativa"},"content":{"rendered":"\n<p>En la plenaria 107, el presidente de la Rep\u00fablica, Nayib Bukele, solicit\u00f3 a los parlamentarios reformar art\u00edculo 79 de la Constituci\u00f3n de la Rep\u00fablica, con el fin de integrar en las pr\u00f3ximas elecciones a los residentes en el exterior, quienes podr\u00e1n elegir a sus diputados, espec\u00edficamente para su representaci\u00f3n.<\/p>\n\n\n\n<p><\/p>\n\n\n\n<p>Para garantizar que la di\u00e1spora salvadore\u00f1a cuente, por primera vez, con representaci\u00f3n directa en la Asamblea Legislativa, los diputados de dicho \u00d3rgano de Estado reformaron el inciso primero del art\u00edculo 79 de la Constituci\u00f3n de la Rep\u00fablica, que trata sobre las bases del sistema electoral y determina circunscripciones (territorios) fijadas por ley.<\/p>\n\n\n\n<p><\/p>\n\n\n\n<p>Adem\u00e1s, estipula el uso de representaci\u00f3n proporcional para la elecci\u00f3n de diputados y define los plazos para la votaci\u00f3n presidencial, entre dos y cuatro meses antes del nuevo periodo.<\/p>\n\n\n\n<p>Con la modificaci\u00f3n a la Carta Magna, aprobada por 57 diputados y solicitada por el presidente de la Rep\u00fablica, Nayib Bukele, se crear\u00edan esca\u00f1os dedicados a candidatos que residan fuera del pa\u00eds, lo que antes no estaba contemplado en el articulado.<\/p>\n\n\n\n<p><\/p>\n\n\n\n<p>En las elecciones de 2024, el sufragio de los salvadore\u00f1os que habitaban fuera del pa\u00eds y que realizaron la modalidad de votaci\u00f3n remota por Internet autom\u00e1ticamente se dirigi\u00f3 a diputados del departamento de San Salvador y no a los de su origen.<\/p>\n\n\n\n<p>\u201cLa di\u00e1spora contar\u00e1 con diputados elegidos espec\u00edficamente para su representaci\u00f3n\u2026 en lugar de ser asignados sus votos al departamento de San Salvador, como ha sido hasta ahora\u201d, rezaba un comunicado divulgado por Casa Presidencial.<\/p>\n\n\n\n<p><\/p>\n\n\n\n<p>La participaci\u00f3n de la di\u00e1spora<\/p>\n\n\n\n<p>Pese a esta nueva participaci\u00f3n pol\u00edtica de la di\u00e1spora, se respetar\u00e1 la configuraci\u00f3n actual de la Asamblea Legislativa, es decir los 60 esca\u00f1os. Adem\u00e1s, la representaci\u00f3n de esta se establecer\u00e1 en proporci\u00f3n a su peso dentro del padr\u00f3n electoral.<\/p>\n\n\n\n<p><\/p>\n\n\n\n<p>Actualmente, seg\u00fan los registros hay m\u00e1s de 3 millones de salvadore\u00f1os en el exterior, de los cuales m\u00e1s de 950 mil tienen domicilio en el extranjero.<\/p>\n\n\n\n<p>Esta cifra refleja la dimensi\u00f3n de una comunidad que ya participa en el sistema pol\u00edtico, por lo que el gobierno considera otorgar \u201cun reconocimiento estructural\u201d, con la elecci\u00f3n de parlamentarios a quienes podr\u00e1n exigir y remover en elecciones libres.<\/p>\n\n\n\n<p><\/p>\n\n\n\n<p>Nuevamente, el gobierno y los legisladores saldan una deuda con los salvadore\u00f1os que dejaron este territorio por diversas razones, como la guerra civil, la inseguridad que exist\u00eda en el pa\u00eds a causa de las hoy extintas pandillas, entre otros.<\/p>\n\n\n\n<p>En octubre de 2022, los parlamentarios \u2013en su mayor\u00eda de Nuevas Ideas- lograron una justicia democr\u00e1tica al aprobar la Ley Especial para el Ejercicio del Sufragio en el Extranjero, con la que se implementa un sistema de voto remoto por Internet o voto electr\u00f3nico presencial. Esto tras a\u00f1os de haber sido excluidos de los comicios por los gobiernos pasados.<\/p>\n","protected":false},"excerpt":{"rendered":"<p>En la plenaria 107, el presidente de la Rep\u00fablica, Nayib Bukele, solicit\u00f3 a los parlamentarios reformar art\u00edculo 79 de la Constituci\u00f3n de la Rep\u00fablica, con el fin de integrar en las pr\u00f3ximas elecciones a los residentes en el exterior, quienes podr\u00e1n elegir a sus diputados, espec\u00edficamente para su representaci\u00f3n. Para garantizar que la di\u00e1spora salvadore\u00f1a [&hellip;]<\/p>\n","protected":false},"author":2,"featured_media":26877,"comment_status":"open","ping_status":"open","sticky":false,"template":"","format":"standard","meta":{"tdm_status":"","tdm_grid_status":"","footnotes":""},"categories":[4],"tags":[],"class_list":{"0":"post-26876","1":"post","2":"type-post","3":"status-publish","4":"format-standard","5":"has-post-thumbnail","7":"category-elsalvador"},"jetpack_featured_media_url":"https:\/\/www.newsmillenium.com\/wp-content\/uploads\/2026\/04\/portada-1-diaspora-AL.jpg","amp_enabled":true,"_links":{"self":[{"href":"https:\/\/www.newsmillenium.com\/index.php\/wp-json\/wp\/v2\/posts\/26876","targetHints":{"allow":["GET"]}}],"collection":[{"href":"https:\/\/www.newsmillenium.com\/index.php\/wp-json\/wp\/v2\/posts"}],"about":[{"href":"https:\/\/www.newsmillenium.com\/index.php\/wp-json\/wp\/v2\/types\/post"}],"author":[{"embeddable":true,"href":"https:\/\/www.newsmillenium.com\/index.php\/wp-json\/wp\/v2\/users\/2"}],"replies":[{"embeddable":true,"href":"https:\/\/www.newsmillenium.com\/index.php\/wp-json\/wp\/v2\/comments?post=26876"}],"version-history":[{"count":1,"href":"https:\/\/www.newsmillenium.com\/index.php\/wp-json\/wp\/v2\/posts\/26876\/revisions"}],"predecessor-version":[{"id":26878,"href":"https:\/\/www.newsmillenium.com\/index.php\/wp-json\/wp\/v2\/posts\/26876\/revisions\/26878"}],"wp:featuredmedia":[{"embeddable":true,"href":"https:\/\/www.newsmillenium.com\/index.php\/wp-json\/wp\/v2\/media\/26877"}],"wp:attachment":[{"href":"https:\/\/www.newsmillenium.com\/index.php\/wp-json\/wp\/v2\/media?parent=26876"}],"wp:term":[{"taxonomy":"category","embeddable":true,"href":"https:\/\/www.newsmillenium.com\/index.php\/wp-json\/wp\/v2\/categories?post=26876"},{"taxonomy":"post_tag","embeddable":true,"href":"https:\/\/www.newsmillenium.com\/index.php\/wp-json\/wp\/v2\/tags?post=26876"}],"curies":[{"name":"wp","href":"https:\/\/api.w.org\/{rel}","templated":true}]}}