{"id":26863,"date":"2026-04-28T07:19:06","date_gmt":"2026-04-28T13:19:06","guid":{"rendered":"https:\/\/www.newsmillenium.com\/?p=26863"},"modified":"2026-04-28T07:20:44","modified_gmt":"2026-04-28T13:20:44","slug":"wtw-reafirma-su-compromiso-con-el-liderazgo-femenino-en-el-foro-woman-in-business-2026","status":"publish","type":"post","link":"https:\/\/www.newsmillenium.com\/index.php\/2026\/04\/28\/wtw-reafirma-su-compromiso-con-el-liderazgo-femenino-en-el-foro-woman-in-business-2026\/","title":{"rendered":"WTW reafirma su compromiso con el liderazgo femenino en el foro Woman in Business 2026"},"content":{"rendered":"\n<p>La Asociaci\u00f3n Salvadore\u00f1a de Industriales (ASI) realiz\u00f3 la d\u00e9cima edici\u00f3n del Foro de Liderazgo Femenino \u201cWoman in Business\u201d, una plataforma que busca seguir impulsando el rol de la mujer en el \u00e1mbito empresarial e industrial salvadore\u00f1o.<\/p>\n\n\n\n<p>Las mujeres representan el 43.6 % de la poblaci\u00f3n econ\u00f3micamente activa del pa\u00eds, dato que refuerza la relevancia de este tipo de iniciativas para el desarrollo nacional, y la importancia de seguir promoviendo el intercambio de experiencias.<\/p>\n\n\n\n<p><\/p>\n\n\n\n<p>En esta edici\u00f3n, la agenda abord\u00f3 temas vinculados con la inclusi\u00f3n financiera, el empoderamiento femenino, las pol\u00edticas p\u00fablicas, el liderazgo estrat\u00e9gico y el posicionamiento profesional, consolidando al foro como un espacio de reflexi\u00f3n y acci\u00f3n orientado al fortalecimiento de la participaci\u00f3n de las mujeres en la econom\u00eda salvadore\u00f1a.<\/p>\n\n\n\n<p>Como parte del encuentro, WTW tuvo una participaci\u00f3n destacada al sumarse como Socio VIP del foro, respaldando una agenda enfocada en el liderazgo femenino, la competitividad empresarial y la generaci\u00f3n de oportunidades para m\u00e1s mujeres en puestos de decisi\u00f3n. La presencia de la firma evidenci\u00f3 su inter\u00e9s en acompa\u00f1ar espacios que promueven una cultura organizacional m\u00e1s inclusiva, estrat\u00e9gica y orientada al desarrollo del talento.<\/p>\n\n\n\n<p><\/p>\n\n\n\n<p>La contribuci\u00f3n de WTW tambi\u00e9n se reflej\u00f3 en la intervenci\u00f3n de Isabel Mart\u00ednez de Sol\u00eds, Subgerente de Salud y Beneficios de WTW El Salvador, quien particip\u00f3 con la masterclass \u201cImpacto Femenino: Cuando las mujeres deciden, las sociedades avanzan\u201d, dentro de la programaci\u00f3n oficial del foro. Su participaci\u00f3n se integr\u00f3 a una jornada dise\u00f1ada para compartir herramientas, visiones y experiencias capaces de traducirse en acciones concretas dentro del entorno corporativo y empresarial.<\/p>\n\n\n\n<p><\/p>\n\n\n\n<p>En ese contexto, Mart\u00ednez de Sol\u00eds comparti\u00f3 una reflexi\u00f3n centrada en la integralidad del liderazgo femenino, al afirmar que \u201cnuestro entorno como mujer est\u00e1 en la parte mental, f\u00edsica y emocional\u201d. Asimismo, evoc\u00f3 una ense\u00f1anza personal con profundo sentido formativo y humano al se\u00f1alar: \u201cRecuerdo la frase de mi pap\u00e1: \u2018Siempre hay alguien que te ve\u2019\u201d, una idea que, seg\u00fan expres\u00f3, \u201cnos hace poner en pr\u00e1ctica los valores y las ense\u00f1anzas que no se pueden hacer a un lado\u201d. Sus palabras aportaron una perspectiva cercana y significativa al esp\u00edritu del foro, en sinton\u00eda con el llamado a fortalecer un liderazgo femenino con prop\u00f3sito, conciencia y capacidad de transformar su entorno.<\/p>\n","protected":false},"excerpt":{"rendered":"<p>La Asociaci\u00f3n Salvadore\u00f1a de Industriales (ASI) realiz\u00f3 la d\u00e9cima edici\u00f3n del Foro de Liderazgo Femenino \u201cWoman in Business\u201d, una plataforma que busca seguir impulsando el rol de la mujer en el \u00e1mbito empresarial e industrial salvadore\u00f1o. Las mujeres representan el 43.6 % de la poblaci\u00f3n econ\u00f3micamente activa del pa\u00eds, dato que refuerza la relevancia de [&hellip;]<\/p>\n","protected":false},"author":2,"featured_media":26864,"comment_status":"open","ping_status":"open","sticky":false,"template":"","format":"standard","meta":{"tdm_status":"","tdm_grid_status":"","footnotes":""},"categories":[17,1],"tags":[],"class_list":{"0":"post-26863","1":"post","2":"type-post","3":"status-publish","4":"format-standard","5":"has-post-thumbnail","7":"category-excelencia-empresarial","8":"category-uncategorized"},"jetpack_featured_media_url":"https:\/\/www.newsmillenium.com\/wp-content\/uploads\/2026\/04\/portada-1-wtw.jpg","amp_enabled":true,"_links":{"self":[{"href":"https:\/\/www.newsmillenium.com\/index.php\/wp-json\/wp\/v2\/posts\/26863","targetHints":{"allow":["GET"]}}],"collection":[{"href":"https:\/\/www.newsmillenium.com\/index.php\/wp-json\/wp\/v2\/posts"}],"about":[{"href":"https:\/\/www.newsmillenium.com\/index.php\/wp-json\/wp\/v2\/types\/post"}],"author":[{"embeddable":true,"href":"https:\/\/www.newsmillenium.com\/index.php\/wp-json\/wp\/v2\/users\/2"}],"replies":[{"embeddable":true,"href":"https:\/\/www.newsmillenium.com\/index.php\/wp-json\/wp\/v2\/comments?post=26863"}],"version-history":[{"count":1,"href":"https:\/\/www.newsmillenium.com\/index.php\/wp-json\/wp\/v2\/posts\/26863\/revisions"}],"predecessor-version":[{"id":26865,"href":"https:\/\/www.newsmillenium.com\/index.php\/wp-json\/wp\/v2\/posts\/26863\/revisions\/26865"}],"wp:featuredmedia":[{"embeddable":true,"href":"https:\/\/www.newsmillenium.com\/index.php\/wp-json\/wp\/v2\/media\/26864"}],"wp:attachment":[{"href":"https:\/\/www.newsmillenium.com\/index.php\/wp-json\/wp\/v2\/media?parent=26863"}],"wp:term":[{"taxonomy":"category","embeddable":true,"href":"https:\/\/www.newsmillenium.com\/index.php\/wp-json\/wp\/v2\/categories?post=26863"},{"taxonomy":"post_tag","embeddable":true,"href":"https:\/\/www.newsmillenium.com\/index.php\/wp-json\/wp\/v2\/tags?post=26863"}],"curies":[{"name":"wp","href":"https:\/\/api.w.org\/{rel}","templated":true}]}}