{"id":26851,"date":"2026-04-28T07:12:22","date_gmt":"2026-04-28T13:12:22","guid":{"rendered":"https:\/\/www.newsmillenium.com\/?p=26851"},"modified":"2026-04-28T07:12:24","modified_gmt":"2026-04-28T13:12:24","slug":"horizonte-de-un-legado-impacto-de-grupo-ag-en-la-region","status":"publish","type":"post","link":"https:\/\/www.newsmillenium.com\/index.php\/2026\/04\/28\/horizonte-de-un-legado-impacto-de-grupo-ag-en-la-region\/","title":{"rendered":"HORIZONTE DE UN LEGADO: IMPACTO DE GRUPO AG EN LA REGI\u00d3N"},"content":{"rendered":"\n<p>EL grupo multilatino impulsa su expansi\u00f3n regional y reafirma su compromiso de operar bajo est\u00e1ndares de sostenibilidad, \u00e9tica y transparencia<\/p>\n\n\n\n<p>Grupo AG present\u00f3 su quinto Informe de Sostenibilidad, \u201cHorizonte de un legado\u201d, una propuesta que adem\u00e1s de reflejar los resultados alcanzados en el \u00faltimo a\u00f1o, presenta la forma en que la organizaci\u00f3n proyecta su impacto hacia una nueva escala regional.<\/p>\n\n\n\n<p><\/p>\n\n\n\n<p>El informe evidencia avances concretos que consolidan la evoluci\u00f3n de Grupo AG hacia un modelo de gesti\u00f3n donde la sostenibilidad es parte integral de la estrategia de negocio. Durante este per\u00edodo, la compa\u00f1\u00eda fortaleci\u00f3 su operaci\u00f3n bajo principios de eficiencia, innovaci\u00f3n y responsabilidad, logrando que m\u00e1s del 57% de sus insumos provengan de materiales reciclados, movilizando m\u00e1s de 2.1 millones de toneladas m\u00e9tricas y alcanzando un 88% de clima organizacional, acompa\u00f1ado de m\u00e1s de 14,000 horas de formaci\u00f3n para sus colaboradores. Estos resultados se complementan con la incorporaci\u00f3n de herramientas como la inteligencia artificial para optimizar procesos, mejorar la seguridad y reducir incidentes, reflejando una gesti\u00f3n cada vez m\u00e1s eficiente, medible y centrada en las personas.<\/p>\n\n\n\n<p>[<\/p>\n\n\n\n<p>El a\u00f1o 2025 no solo estuvo marcado por resultados s\u00f3lidos, sino que represent\u00f3 un punto de inflexi\u00f3n en la historia de Grupo AG. Fue un per\u00edodo en que la organizaci\u00f3n consolid\u00f3 avances operativos, financieros y de sostenibilidad, al mismo tiempo que dio un paso decisivo en su proceso de expansi\u00f3n regional, posicion\u00e1ndose en una nueva fase de crecimiento con impacto m\u00e1s all\u00e1 de sus fronteras. Durante este a\u00f1o, la compa\u00f1\u00eda integr\u00f3 operaciones en Costa Rica, Ecuador y Venezuela, evolucionando hacia un ecosistema industrial e innovador con una huella que conecta Centroam\u00e9rica con el norte de Suram\u00e9rica.<\/p>\n\n\n\n<p><\/p>\n\n\n\n<p>En este contexto de expansi\u00f3n con coherencia, Grupo AG present\u00f3 su Manifiesto de Conducta Empresarial Responsable, una declaraci\u00f3n que establece los principios bajo los cuales operar\u00e1 en cada pa\u00eds donde tiene presencia. Desarrollado con el acompa\u00f1amiento de CentraRSE, este manifiesto fue entregado oficialmente a los embajadores de los pa\u00edses donde la compa\u00f1\u00eda opera, en un acto que trasciende lo protocolario y posiciona a la organizaci\u00f3n como un referente de diplomacia corporativa en la regi\u00f3n.<\/p>\n\n\n\n<p><\/p>\n\n\n\n<p>Como parte del evento, se desarroll\u00f3 el panel \u201cGuatemala lista para el mundo: capacidades y fortalezas para invertir en el exterior\u201d, que reuni\u00f3 a representantes del sector p\u00fablico y privado, incluyendo a \u00c1lvaro Gonz\u00e1lez Ricci, Presidente del Banco de Guaemala, al Viceministro de Relaciones Exteriores, Julio Orozco y Gabriela Roca. La conversaci\u00f3n abord\u00f3 los retos y oportunidades para impulsar un crecimiento sostenible desde Guatemala hacia la regi\u00f3n, destacando la importancia de colocar a las personas en el centro del desarrollo, fortalecer la transparencia y avanzar hacia modelos que permitan crecer dentro de los l\u00edmites del planeta.<\/p>\n","protected":false},"excerpt":{"rendered":"<p>EL grupo multilatino impulsa su expansi\u00f3n regional y reafirma su compromiso de operar bajo est\u00e1ndares de sostenibilidad, \u00e9tica y transparencia Grupo AG present\u00f3 su quinto Informe de Sostenibilidad, \u201cHorizonte de un legado\u201d, una propuesta que adem\u00e1s de reflejar los resultados alcanzados en el \u00faltimo a\u00f1o, presenta la forma en que la organizaci\u00f3n proyecta su impacto [&hellip;]<\/p>\n","protected":false},"author":2,"featured_media":26852,"comment_status":"open","ping_status":"open","sticky":false,"template":"","format":"standard","meta":{"tdm_status":"","tdm_grid_status":"","footnotes":""},"categories":[17],"tags":[],"class_list":{"0":"post-26851","1":"post","2":"type-post","3":"status-publish","4":"format-standard","5":"has-post-thumbnail","7":"category-excelencia-empresarial"},"jetpack_featured_media_url":"https:\/\/www.newsmillenium.com\/wp-content\/uploads\/2026\/04\/portada-1-grupo-AG.jpg","amp_enabled":true,"_links":{"self":[{"href":"https:\/\/www.newsmillenium.com\/index.php\/wp-json\/wp\/v2\/posts\/26851","targetHints":{"allow":["GET"]}}],"collection":[{"href":"https:\/\/www.newsmillenium.com\/index.php\/wp-json\/wp\/v2\/posts"}],"about":[{"href":"https:\/\/www.newsmillenium.com\/index.php\/wp-json\/wp\/v2\/types\/post"}],"author":[{"embeddable":true,"href":"https:\/\/www.newsmillenium.com\/index.php\/wp-json\/wp\/v2\/users\/2"}],"replies":[{"embeddable":true,"href":"https:\/\/www.newsmillenium.com\/index.php\/wp-json\/wp\/v2\/comments?post=26851"}],"version-history":[{"count":1,"href":"https:\/\/www.newsmillenium.com\/index.php\/wp-json\/wp\/v2\/posts\/26851\/revisions"}],"predecessor-version":[{"id":26853,"href":"https:\/\/www.newsmillenium.com\/index.php\/wp-json\/wp\/v2\/posts\/26851\/revisions\/26853"}],"wp:featuredmedia":[{"embeddable":true,"href":"https:\/\/www.newsmillenium.com\/index.php\/wp-json\/wp\/v2\/media\/26852"}],"wp:attachment":[{"href":"https:\/\/www.newsmillenium.com\/index.php\/wp-json\/wp\/v2\/media?parent=26851"}],"wp:term":[{"taxonomy":"category","embeddable":true,"href":"https:\/\/www.newsmillenium.com\/index.php\/wp-json\/wp\/v2\/categories?post=26851"},{"taxonomy":"post_tag","embeddable":true,"href":"https:\/\/www.newsmillenium.com\/index.php\/wp-json\/wp\/v2\/tags?post=26851"}],"curies":[{"name":"wp","href":"https:\/\/api.w.org\/{rel}","templated":true}]}}