{"id":26844,"date":"2026-04-28T07:08:48","date_gmt":"2026-04-28T13:08:48","guid":{"rendered":"https:\/\/www.newsmillenium.com\/?p=26844"},"modified":"2026-04-28T07:08:51","modified_gmt":"2026-04-28T13:08:51","slug":"el-salvador-se-prepara-para-recibir-capital-basketera-2026","status":"publish","type":"post","link":"https:\/\/www.newsmillenium.com\/index.php\/2026\/04\/28\/el-salvador-se-prepara-para-recibir-capital-basketera-2026\/","title":{"rendered":"El Salvador se prepara para recibir Capital Basketera 2026"},"content":{"rendered":"\n<p>El Salvador recibir\u00e1 por segundo a\u00f1o consecutivo el torneo Capital Basketera, que celebrar\u00e1 su tercera edici\u00f3n con la participaci\u00f3n de delegaciones internacionales. El evento se desarrollar\u00e1 del 28 al 31 de mayo en distintos escenarios deportivos del pa\u00eds.<\/p>\n\n\n\n<p>El evento deportivo contar\u00e1 con m\u00e1s de 500 atletas provenientes de 11 pa\u00edses Estados Unidos, M\u00e9xico, Costa Rica, Colombia, Canad\u00e1, Guatemala, Honduras, Rep\u00fablica Dominicana, Venezuela, Belice y El Salvador, que competir\u00e1n en categor\u00edas desde la U10 hasta la U21.<\/p>\n\n\n\n<p><\/p>\n\n\n\n<p>Los partidos se disputar\u00e1n en las duelas del Gimnasio Nacional Jos\u00e9 Adolfo Pineda, el Polideportivo de la UES, el Gimnasio Municipal Adolfo Pineda en Santa Tecla y el Complejo Deportivo BeSport.<\/p>\n\n\n\n<p>En el lanzamiento, realizado en el Sal\u00f3n de Usos M\u00faltiples del Estadio de Deportes de Playa del Complejo Deportivo Flor Blanca, participaron Rodolfo Mena, presidente de la Federaci\u00f3n Salvadore\u00f1a de Baloncesto; Alejandra Dur\u00e1n, directora ejecutiva de Corsatur; V\u00edctor Escobar, director de Capital Basketera; \u00d3scar Orellana, representante de Olimpiadas Especiales de El Salvador; y Boris Pereira, director general de Molten y TF Sports.<\/p>\n\n\n\n<figure class=\"wp-block-image size-full\"><img loading=\"lazy\" decoding=\"async\" width=\"550\" height=\"265\" src=\"https:\/\/www.newsmillenium.com\/wp-content\/uploads\/2026\/04\/portada-1-2-Conferencia-Capital-Basketera-27042026_02.jpg\" alt=\"\" class=\"wp-image-26846\" srcset=\"https:\/\/www.newsmillenium.com\/wp-content\/uploads\/2026\/04\/portada-1-2-Conferencia-Capital-Basketera-27042026_02.jpg 550w, https:\/\/www.newsmillenium.com\/wp-content\/uploads\/2026\/04\/portada-1-2-Conferencia-Capital-Basketera-27042026_02-300x145.jpg 300w\" sizes=\"auto, (max-width: 550px) 100vw, 550px\" \/><\/figure>\n\n\n\n<p>Desde la Federaci\u00f3n Salvadore\u00f1a de Baloncesto, Rodolfo Mena destac\u00f3 el respaldo institucional al evento. \u201cComo federaci\u00f3n estamos facilitando las canchas del Gimnasio Nacional, balones y acompa\u00f1ando en la parte t\u00e9cnica para que sea un torneo de primer nivel\u201d, explic\u00f3.<\/p>\n\n\n\n<p>Adem\u00e1s, subray\u00f3 el impacto en la formaci\u00f3n de los jugadores. \u201cNuestras preselecciones necesitan juegos de calidad, y esta es una gran oportunidad para competir contra equipos internacionales sin salir del pa\u00eds\u201d, agreg\u00f3.<\/p>\n\n\n\n<p>Por su parte, Alejandra Dur\u00e1n, directora ejecutiva de Corsatur, destac\u00f3 el valor del evento para el pa\u00eds. \u201cEste tipo de actividades tambi\u00e9n nos permite mostrar El Salvador como un destino tur\u00edstico y brindar una mejor experiencia a quienes nos visitan\u201d, expres\u00f3.<\/p>\n\n\n\n<p>V\u00edctor Escobar, director de Capital Basketera, resalt\u00f3 el crecimiento del torneo en su tercera edici\u00f3n. \u201cEl a\u00f1o pasado contamos con cinco pa\u00edses y ahora hemos crecido a m\u00e1s de 10, con una participaci\u00f3n que sigue aumentando\u201d, se\u00f1al\u00f3.<\/p>\n\n\n\n<p><\/p>\n\n\n\n<p>Adem\u00e1s, destac\u00f3 la visi\u00f3n del evento m\u00e1s all\u00e1 de la competencia. \u201cNuestro objetivo es que las delegaciones vivan una experiencia completa en El Salvador, no solo en la cancha, sino tambi\u00e9n conociendo el pa\u00eds y compitiendo en un torneo de alto nivel\u201d, a\u00f1adi\u00f3.<\/p>\n\n\n\n<p>El formato de competencia contempla categor\u00edas con entre seis y 12 equipos, que ser\u00e1n distribuidos en grupos; avanzar\u00e1n los mejores hasta definir a los campeones. Las jornadas se desarrollar\u00e1n desde las 8:00 a.m. hasta las 10:00 p.m.<\/p>\n\n\n\n<p><\/p>\n\n\n\n<p>En cuanto al componente social, \u00d3scar Orellana valor\u00f3 la inclusi\u00f3n dentro del evento. \u201cCreemos que a trav\u00e9s del deporte la inclusi\u00f3n es posible, y este tipo de espacios permiten demostrarlo\u201d, afirm\u00f3.<\/p>\n\n\n\n<p>El torneo incluir\u00e1 un partido unificado en coordinaci\u00f3n con Olimpiadas Especiales, como parte de la apuesta por ampliar el impacto social del evento.<\/p>\n","protected":false},"excerpt":{"rendered":"<p>El Salvador recibir\u00e1 por segundo a\u00f1o consecutivo el torneo Capital Basketera, que celebrar\u00e1 su tercera edici\u00f3n con la participaci\u00f3n de delegaciones internacionales. El evento se desarrollar\u00e1 del 28 al 31 de mayo en distintos escenarios deportivos del pa\u00eds. El evento deportivo contar\u00e1 con m\u00e1s de 500 atletas provenientes de 11 pa\u00edses Estados Unidos, M\u00e9xico, Costa [&hellip;]<\/p>\n","protected":false},"author":2,"featured_media":26845,"comment_status":"open","ping_status":"open","sticky":false,"template":"","format":"standard","meta":{"tdm_status":"","tdm_grid_status":"","footnotes":""},"categories":[14,4],"tags":[],"class_list":{"0":"post-26844","1":"post","2":"type-post","3":"status-publish","4":"format-standard","5":"has-post-thumbnail","7":"category-destacads","8":"category-elsalvador"},"jetpack_featured_media_url":"https:\/\/www.newsmillenium.com\/wp-content\/uploads\/2026\/04\/portada-1-Conferencia-Capital-Basketera-27042026_02.jpg","amp_enabled":true,"_links":{"self":[{"href":"https:\/\/www.newsmillenium.com\/index.php\/wp-json\/wp\/v2\/posts\/26844","targetHints":{"allow":["GET"]}}],"collection":[{"href":"https:\/\/www.newsmillenium.com\/index.php\/wp-json\/wp\/v2\/posts"}],"about":[{"href":"https:\/\/www.newsmillenium.com\/index.php\/wp-json\/wp\/v2\/types\/post"}],"author":[{"embeddable":true,"href":"https:\/\/www.newsmillenium.com\/index.php\/wp-json\/wp\/v2\/users\/2"}],"replies":[{"embeddable":true,"href":"https:\/\/www.newsmillenium.com\/index.php\/wp-json\/wp\/v2\/comments?post=26844"}],"version-history":[{"count":1,"href":"https:\/\/www.newsmillenium.com\/index.php\/wp-json\/wp\/v2\/posts\/26844\/revisions"}],"predecessor-version":[{"id":26847,"href":"https:\/\/www.newsmillenium.com\/index.php\/wp-json\/wp\/v2\/posts\/26844\/revisions\/26847"}],"wp:featuredmedia":[{"embeddable":true,"href":"https:\/\/www.newsmillenium.com\/index.php\/wp-json\/wp\/v2\/media\/26845"}],"wp:attachment":[{"href":"https:\/\/www.newsmillenium.com\/index.php\/wp-json\/wp\/v2\/media?parent=26844"}],"wp:term":[{"taxonomy":"category","embeddable":true,"href":"https:\/\/www.newsmillenium.com\/index.php\/wp-json\/wp\/v2\/categories?post=26844"},{"taxonomy":"post_tag","embeddable":true,"href":"https:\/\/www.newsmillenium.com\/index.php\/wp-json\/wp\/v2\/tags?post=26844"}],"curies":[{"name":"wp","href":"https:\/\/api.w.org\/{rel}","templated":true}]}}