{"id":26595,"date":"2026-03-12T08:12:13","date_gmt":"2026-03-12T14:12:13","guid":{"rendered":"https:\/\/www.newsmillenium.com\/?p=26595"},"modified":"2026-03-12T08:12:15","modified_gmt":"2026-03-12T14:12:15","slug":"ratifican-prestamo-para-ejecutar-proyectos-que-buscan-reducir-la-congestion-vehicular-en-el-amss","status":"publish","type":"post","link":"https:\/\/www.newsmillenium.com\/index.php\/2026\/03\/12\/ratifican-prestamo-para-ejecutar-proyectos-que-buscan-reducir-la-congestion-vehicular-en-el-amss\/","title":{"rendered":"Ratifican pr\u00e9stamo para ejecutar proyectos que buscan reducir la congesti\u00f3n vehicular en el AMSS"},"content":{"rendered":"\n<p>Las obras contemplan ampliaciones de v\u00edas, nuevos pasos a desnivel y mejoras en el drenaje. Los sectores intervenidos ser\u00e1n el \u00c1rbol de la Paz, Nuevo Cuscatl\u00e1n, el bulevar Constituci\u00f3n y la autopista al aeropuerto.<\/p>\n\n\n\n<p><\/p>\n\n\n\n<p>Con el prop\u00f3sito de fortalecer la infraestructura vial y mejorar la conectividad en el \u00c1rea Metropolitana de San Salvador (AMSS), la Asamblea Legislativa aprob\u00f3, con 59 votos, la ratificaci\u00f3n de un contrato de pr\u00e9stamo por $135 millones suscrito entre el Gobierno y el Banco Centroamericano de Integraci\u00f3n Econ\u00f3mica (BCIE), destinado a financiar el Programa de Infraestructura Vial y Movilidad Urbana (PIVMU) \u2013 Fase I.<\/p>\n\n\n\n<p><\/p>\n\n\n\n<p>El empr\u00e9stito fue firmado el 27 de febrero de 2026 y, conforme al art\u00edculo 148 de la Constituci\u00f3n de la Rep\u00fablica, corresponde al \u00d3rgano Legislativo ratificar para que entre en vigencia.<\/p>\n\n\n\n<p>Las obras proyectadas buscan aliviar la carga vehicular en zonas claves de la capital y al mismo tiempo, contribuir al dinamismo econ\u00f3mico mediante mejoras en la conectividad vial.<\/p>\n\n\n\n<p><\/p>\n\n\n\n<p>El programa contempla varias intervenciones distribuidas en diferentes puntos del AMSS.<\/p>\n\n\n\n<p>Uno de los proyectos es la ampliaci\u00f3n de una v\u00eda en Nuevo Cuscatl\u00e1n en un tramo de aproximadamente 2.5 kil\u00f3metros, donde se habilitar\u00e1n carriles adicionales, un arriate central y una ciclov\u00eda. Tambi\u00e9n se realizar\u00e1n obras complementarias como instalaci\u00f3n de iluminaci\u00f3n, se\u00f1alizaci\u00f3n y mejoras paisaj\u00edsticas.<\/p>\n\n\n\n<p>Otra intervenci\u00f3n se desarrollar\u00e1 en el paso a desnivel del \u00c1rbol de la Paz, sobre el bulevar de Los Pr\u00f3ceres, donde se ampliar\u00e1 la infraestructura existente y se actualizar\u00e1n los sistemas de iluminaci\u00f3n y se\u00f1alizaci\u00f3n.<\/p>\n\n\n\n<p><\/p>\n\n\n\n<p>Asimismo, el plan contempla trabajos en el paso a desnivel \u201cHermano Bienvenido a Casa\u201d, que incluyen la instalaci\u00f3n de nueva iluminaci\u00f3n y la construcci\u00f3n de un paso inferior en la intersecci\u00f3n con la autopista a Comalapa, con una longitud aproximada de 160 metros.<\/p>\n\n\n\n<p>El proyecto tambi\u00e9n prev\u00e9 obras hidr\u00e1ulicas en el bulevar de Los Pr\u00f3ceres y la 49 avenida Sur, donde se construir\u00e1 un colector de aguas lluvias para incrementar la capacidad de drenaje y mitigar los problemas de inundaciones en la zona.<\/p>\n\n\n\n<p><\/p>\n\n\n\n<p>Adem\u00e1s, se proyecta la construcci\u00f3n de nuevos pasos a desnivel en intersecciones estrat\u00e9gicas. Uno de ellos se ubicar\u00e1 entre la calle antigua a Huiz\u00facar y la avenida Las Amapolas, con un puente de aproximadamente 284 metros en direcci\u00f3n sur-norte sobre el sector del \u00c1rbol de la Paz.<\/p>\n\n\n\n<p>De igual forma, se contempla otra obra en la intersecci\u00f3n del bulevar Constituci\u00f3n con la calle Zacamil, as\u00ed como intervenciones en sectores cercanos como La Gloria.<\/p>\n","protected":false},"excerpt":{"rendered":"<p>Las obras contemplan ampliaciones de v\u00edas, nuevos pasos a desnivel y mejoras en el drenaje. Los sectores intervenidos ser\u00e1n el \u00c1rbol de la Paz, Nuevo Cuscatl\u00e1n, el bulevar Constituci\u00f3n y la autopista al aeropuerto. Con el prop\u00f3sito de fortalecer la infraestructura vial y mejorar la conectividad en el \u00c1rea Metropolitana de San Salvador (AMSS), la [&hellip;]<\/p>\n","protected":false},"author":2,"featured_media":26596,"comment_status":"open","ping_status":"open","sticky":false,"template":"","format":"standard","meta":{"tdm_status":"","tdm_grid_status":"","footnotes":""},"categories":[4],"tags":[],"class_list":{"0":"post-26595","1":"post","2":"type-post","3":"status-publish","4":"format-standard","5":"has-post-thumbnail","7":"category-elsalvador"},"jetpack_featured_media_url":"https:\/\/www.newsmillenium.com\/wp-content\/uploads\/2026\/03\/portada-1-AL-prestamos.jpg","amp_enabled":true,"_links":{"self":[{"href":"https:\/\/www.newsmillenium.com\/index.php\/wp-json\/wp\/v2\/posts\/26595","targetHints":{"allow":["GET"]}}],"collection":[{"href":"https:\/\/www.newsmillenium.com\/index.php\/wp-json\/wp\/v2\/posts"}],"about":[{"href":"https:\/\/www.newsmillenium.com\/index.php\/wp-json\/wp\/v2\/types\/post"}],"author":[{"embeddable":true,"href":"https:\/\/www.newsmillenium.com\/index.php\/wp-json\/wp\/v2\/users\/2"}],"replies":[{"embeddable":true,"href":"https:\/\/www.newsmillenium.com\/index.php\/wp-json\/wp\/v2\/comments?post=26595"}],"version-history":[{"count":1,"href":"https:\/\/www.newsmillenium.com\/index.php\/wp-json\/wp\/v2\/posts\/26595\/revisions"}],"predecessor-version":[{"id":26597,"href":"https:\/\/www.newsmillenium.com\/index.php\/wp-json\/wp\/v2\/posts\/26595\/revisions\/26597"}],"wp:featuredmedia":[{"embeddable":true,"href":"https:\/\/www.newsmillenium.com\/index.php\/wp-json\/wp\/v2\/media\/26596"}],"wp:attachment":[{"href":"https:\/\/www.newsmillenium.com\/index.php\/wp-json\/wp\/v2\/media?parent=26595"}],"wp:term":[{"taxonomy":"category","embeddable":true,"href":"https:\/\/www.newsmillenium.com\/index.php\/wp-json\/wp\/v2\/categories?post=26595"},{"taxonomy":"post_tag","embeddable":true,"href":"https:\/\/www.newsmillenium.com\/index.php\/wp-json\/wp\/v2\/tags?post=26595"}],"curies":[{"name":"wp","href":"https:\/\/api.w.org\/{rel}","templated":true}]}}