{"id":26592,"date":"2026-03-12T08:10:46","date_gmt":"2026-03-12T14:10:46","guid":{"rendered":"https:\/\/www.newsmillenium.com\/?p=26592"},"modified":"2026-03-12T08:10:49","modified_gmt":"2026-03-12T14:10:49","slug":"sammy-contreras-firma-con-top-rank-y-regresa-al-ring-este-21-de-marzo","status":"publish","type":"post","link":"https:\/\/www.newsmillenium.com\/index.php\/2026\/03\/12\/sammy-contreras-firma-con-top-rank-y-regresa-al-ring-este-21-de-marzo\/","title":{"rendered":"Sammy Contreras firma con Top Rank y regresa al ring este 21 de marzo"},"content":{"rendered":"\n<p>El peso ligero de 21 a\u00f1os, Sammy Contreras, regresar\u00e1 el s\u00e1bado 21 de marzo en un combate a seis asaltos contra Cesar Cant\u00fa, en el National Orange Show Event Center de San Bernardino, California, ahora motivado por su firma de contrato profesional con Top Rank.<\/p>\n\n\n\n<p>Top Rank tambi\u00e9n promovi\u00f3 a Carlos \u201cFamoso\u201d Hern\u00e1ndez, quien se convirti\u00f3 en el primer campe\u00f3n mundial salvadore\u00f1o-estadounidense en 2003 al derrotar a David Santos. Ahora, Contreras busca aportar a ese legado como un peleador nacido en Estados Unidos que tambi\u00e9n representa su herencia salvadore\u00f1a, hondure\u00f1a y mexicana.<\/p>\n\n\n\n<p><\/p>\n\n\n\n<p>Contreras (5-0, 2 KOs), cuyos padres son de ascendencia salvadore\u00f1a, mexicana y hondure\u00f1a, comenz\u00f3 a boxear a los ocho a\u00f1os y tuvo m\u00e1s de 200 peleas como amateur, enfrent\u00e1ndose a rivales de la talla de Abdullah Mason, Emiliano Fernando Vargas y Dedrick Crocklem.<\/p>\n\n\n\n<p>Represent\u00f3 a El Salvador en los Juegos Panamericanos de 2023 y en los clasificatorios ol\u00edmpicos de 2024, y a la selecci\u00f3n nacional juvenil de M\u00e9xico en 2016.<\/p>\n\n\n\n<p>\u201cEste momento significa todo para m\u00ed,\u201d dijo Contreras. \u201cTodo el trabajo duro y el sacrificio que he hecho cada d\u00eda me han llevado hasta aqu\u00ed con Top Rank. Pero esto es solo el comienzo. Voy a seguir trabajando, sacrific\u00e1ndome y demostrando que pertenezco aqu\u00ed\u201d, declar\u00f3.<\/p>\n\n\n\n<p><\/p>\n\n\n\n<p>Contreras realiz\u00f3 su debut como profesional el pasado mayo y termin\u00f3 2025 con marca de 4-0 y dos nocauts. Inici\u00f3 2026 con una victoria por decisi\u00f3n un\u00e1nime a seis asaltos contra Nelson Hampton en enero. Es entrenado y manejado por su padre, Sam Contreras, qui\u00e9n ha manejado a peleadores como Marlen Esparza y Ram\u00f3n \u201cEl Inocente\u201d \u00c1lvarez.<\/p>\n\n\n\n<p>\u201cSammy Contreras es un talentoso joven peso ligero con la capacidad de llegar muy lejos en este deporte,\u201d dijo el legendario promotor de Top Rank, Bob Arum, quien agreg\u00f3 que \u201csu futuro no tiene l\u00edmites. Tiene v\u00ednculos con m\u00faltiples comunidades, y eso le permitir\u00e1 conectar con una amplia variedad de aficionados. Los \u00c1ngeles ha producido a muchos grandes peleadores y campeones, y esperamos que Sammy contin\u00fae con esa tradici\u00f3n\u201d.<\/p>\n","protected":false},"excerpt":{"rendered":"<p>El peso ligero de 21 a\u00f1os, Sammy Contreras, regresar\u00e1 el s\u00e1bado 21 de marzo en un combate a seis asaltos contra Cesar Cant\u00fa, en el National Orange Show Event Center de San Bernardino, California, ahora motivado por su firma de contrato profesional con Top Rank. Top Rank tambi\u00e9n promovi\u00f3 a Carlos \u201cFamoso\u201d Hern\u00e1ndez, quien se [&hellip;]<\/p>\n","protected":false},"author":2,"featured_media":26593,"comment_status":"open","ping_status":"open","sticky":false,"template":"","format":"standard","meta":{"tdm_status":"","tdm_grid_status":"","footnotes":""},"categories":[4],"tags":[],"class_list":{"0":"post-26592","1":"post","2":"type-post","3":"status-publish","4":"format-standard","5":"has-post-thumbnail","7":"category-elsalvador"},"jetpack_featured_media_url":"https:\/\/www.newsmillenium.com\/wp-content\/uploads\/2026\/03\/portada-1-Boxeo-.jpg","amp_enabled":true,"_links":{"self":[{"href":"https:\/\/www.newsmillenium.com\/index.php\/wp-json\/wp\/v2\/posts\/26592","targetHints":{"allow":["GET"]}}],"collection":[{"href":"https:\/\/www.newsmillenium.com\/index.php\/wp-json\/wp\/v2\/posts"}],"about":[{"href":"https:\/\/www.newsmillenium.com\/index.php\/wp-json\/wp\/v2\/types\/post"}],"author":[{"embeddable":true,"href":"https:\/\/www.newsmillenium.com\/index.php\/wp-json\/wp\/v2\/users\/2"}],"replies":[{"embeddable":true,"href":"https:\/\/www.newsmillenium.com\/index.php\/wp-json\/wp\/v2\/comments?post=26592"}],"version-history":[{"count":1,"href":"https:\/\/www.newsmillenium.com\/index.php\/wp-json\/wp\/v2\/posts\/26592\/revisions"}],"predecessor-version":[{"id":26594,"href":"https:\/\/www.newsmillenium.com\/index.php\/wp-json\/wp\/v2\/posts\/26592\/revisions\/26594"}],"wp:featuredmedia":[{"embeddable":true,"href":"https:\/\/www.newsmillenium.com\/index.php\/wp-json\/wp\/v2\/media\/26593"}],"wp:attachment":[{"href":"https:\/\/www.newsmillenium.com\/index.php\/wp-json\/wp\/v2\/media?parent=26592"}],"wp:term":[{"taxonomy":"category","embeddable":true,"href":"https:\/\/www.newsmillenium.com\/index.php\/wp-json\/wp\/v2\/categories?post=26592"},{"taxonomy":"post_tag","embeddable":true,"href":"https:\/\/www.newsmillenium.com\/index.php\/wp-json\/wp\/v2\/tags?post=26592"}],"curies":[{"name":"wp","href":"https:\/\/api.w.org\/{rel}","templated":true}]}}