{"id":26367,"date":"2026-01-30T07:17:33","date_gmt":"2026-01-30T13:17:33","guid":{"rendered":"https:\/\/www.newsmillenium.com\/?p=26367"},"modified":"2026-01-30T07:17:35","modified_gmt":"2026-01-30T13:17:35","slug":"asamblea-legislativa-continua-apoyando-clima-de-seguridad-al-prorrogar-regimen-de-excepcion","status":"publish","type":"post","link":"https:\/\/www.newsmillenium.com\/index.php\/2026\/01\/30\/asamblea-legislativa-continua-apoyando-clima-de-seguridad-al-prorrogar-regimen-de-excepcion\/","title":{"rendered":"Asamblea Legislativa contin\u00faa apoyando clima de seguridad al prorrogar r\u00e9gimen de excepci\u00f3n"},"content":{"rendered":"\n<p>En la sesi\u00f3n plenaria 95, los parlamentarios extendieron la pr\u00f3rroga n\u00famero 47 del r\u00e9gimen de excepci\u00f3n, el cual ha permitido acumular 1,012 d\u00edas sin homicidios en el pa\u00eds, posicion\u00e1ndolo como el m\u00e1s seguro de la regi\u00f3n.<\/p>\n\n\n\n<p><\/p>\n\n\n\n<p>La Asamblea Legislativa aprob\u00f3, con 57 votos, una nueva pr\u00f3rroga del r\u00e9gimen de excepci\u00f3n, con la finalidad de seguir manteniendo un clima de paz y seguridad para la poblaci\u00f3n.<\/p>\n\n\n\n<p>Esta medida estar\u00e1 vigente por un per\u00edodo de 30 d\u00edas, desde el 31 de enero hasta el 1 de marzo del presente a\u00f1o.<\/p>\n\n\n\n<p><\/p>\n\n\n\n<p>El r\u00e9gimen ha contribuido con la reducci\u00f3n de homicidios a gran escala, permitiendo acumular 1,012 d\u00edas sin muertes violentas. Adem\u00e1s de 90,844 terroristas capturados hasta el cierre de 2025.<\/p>\n\n\n\n<p><\/p>\n\n\n\n<p>Desde el inicio de la gesti\u00f3n del Presidente Nayib Bukele \u2014 cuando fue lanzado el Plan Control Territorial\u2014 las autoridades incrementaron su presencia en zonas de alto riesgo y con la llegada del r\u00e9gimen se vio reforzada su labor.<\/p>\n\n\n\n<p>Desde junio de 2019 a la fecha, El Salvador ha acumulado un total de 1,126 d\u00edas con cero homicidios.<\/p>\n\n\n\n<p>El presidente de la Asamblea Legislativa, Ernesto Castro, destac\u00f3 los excelentes resultados de esta estrategia.<\/p>\n\n\n\n<p><\/p>\n\n\n\n<p>\u201cPasamos de ser el pa\u00eds m\u00e1s peligroso del mundo a ser el m\u00e1s seguro de todo el hemisferio occidental y por eso los salvadore\u00f1os nos sentimos agradecidos con Dios\u201d, expuso el legislador.<\/p>\n\n\n\n<p>Adem\u00e1s, se\u00f1al\u00f3 que El Salvador est\u00e1 viviendo un momento hist\u00f3rico, obra de un milagro, y reiter\u00f3 el respaldo que el \u00d3rgano Legislativo contin\u00faa dando al Ejecutivo, al aprobar esta medida que ha sido prolongada 47 veces, desde su entrada en vigor \u2014el 27 de marzo de 2022\u2014 y como \u201cesos votos (desde la Asamblea) est\u00e1n cambiando la vida de los salvadore\u00f1os\u201d.<\/p>\n\n\n\n<p>\u201cPor eso es que nosotros seguimos aqu\u00ed, por eso seguimos trabajando, seguimos acompa\u00f1ando al Presidente Bukele, por eso seguimos acompa\u00f1ando el trabajo del Gabinete de Seguridad\u201d, manifest\u00f3.<\/p>\n\n\n\n<p><\/p>\n\n\n\n<p>El legislador lament\u00f3 el dolor que las pandillas causaron a miles de familias durante su dominio, que dur\u00f3 alrededor de tres d\u00e9cadas.<\/p>\n\n\n\n<p>\u201cSon m\u00e1s de 130,000 asesinatos, seg\u00fan la cifra oficial. En lo particular siempre he cre\u00eddo que la cifra puede ser mayor\u201d, detall\u00f3 el parlamentario.<\/p>\n\n\n\n<p>Seg\u00fan reportes de la Fiscal\u00eda General de la Rep\u00fablica, comparado con 2024, en 2025 se registr\u00f3 una disminuci\u00f3n del 51.5 % en delitos generales, clasific\u00e1ndose as\u00ed: hurto, disminuy\u00f3 un 60.41 %; lesiones present\u00f3 una disminuci\u00f3n del 46.21 % y el delito de violaciones se redujo en un 24.59 %.<\/p>\n","protected":false},"excerpt":{"rendered":"<p>En la sesi\u00f3n plenaria 95, los parlamentarios extendieron la pr\u00f3rroga n\u00famero 47 del r\u00e9gimen de excepci\u00f3n, el cual ha permitido acumular 1,012 d\u00edas sin homicidios en el pa\u00eds, posicion\u00e1ndolo como el m\u00e1s seguro de la regi\u00f3n. La Asamblea Legislativa aprob\u00f3, con 57 votos, una nueva pr\u00f3rroga del r\u00e9gimen de excepci\u00f3n, con la finalidad de seguir [&hellip;]<\/p>\n","protected":false},"author":2,"featured_media":26368,"comment_status":"open","ping_status":"open","sticky":false,"template":"","format":"standard","meta":{"tdm_status":"","tdm_grid_status":"","footnotes":""},"categories":[2,4],"tags":[],"class_list":{"0":"post-26367","1":"post","2":"type-post","3":"status-publish","4":"format-standard","5":"has-post-thumbnail","7":"category-featured","8":"category-elsalvador"},"jetpack_featured_media_url":"https:\/\/www.newsmillenium.com\/wp-content\/uploads\/2026\/01\/portada-1-regimen.jpg","amp_enabled":true,"_links":{"self":[{"href":"https:\/\/www.newsmillenium.com\/index.php\/wp-json\/wp\/v2\/posts\/26367","targetHints":{"allow":["GET"]}}],"collection":[{"href":"https:\/\/www.newsmillenium.com\/index.php\/wp-json\/wp\/v2\/posts"}],"about":[{"href":"https:\/\/www.newsmillenium.com\/index.php\/wp-json\/wp\/v2\/types\/post"}],"author":[{"embeddable":true,"href":"https:\/\/www.newsmillenium.com\/index.php\/wp-json\/wp\/v2\/users\/2"}],"replies":[{"embeddable":true,"href":"https:\/\/www.newsmillenium.com\/index.php\/wp-json\/wp\/v2\/comments?post=26367"}],"version-history":[{"count":1,"href":"https:\/\/www.newsmillenium.com\/index.php\/wp-json\/wp\/v2\/posts\/26367\/revisions"}],"predecessor-version":[{"id":26369,"href":"https:\/\/www.newsmillenium.com\/index.php\/wp-json\/wp\/v2\/posts\/26367\/revisions\/26369"}],"wp:featuredmedia":[{"embeddable":true,"href":"https:\/\/www.newsmillenium.com\/index.php\/wp-json\/wp\/v2\/media\/26368"}],"wp:attachment":[{"href":"https:\/\/www.newsmillenium.com\/index.php\/wp-json\/wp\/v2\/media?parent=26367"}],"wp:term":[{"taxonomy":"category","embeddable":true,"href":"https:\/\/www.newsmillenium.com\/index.php\/wp-json\/wp\/v2\/categories?post=26367"},{"taxonomy":"post_tag","embeddable":true,"href":"https:\/\/www.newsmillenium.com\/index.php\/wp-json\/wp\/v2\/tags?post=26367"}],"curies":[{"name":"wp","href":"https:\/\/api.w.org\/{rel}","templated":true}]}}