{"id":26338,"date":"2026-01-28T07:42:00","date_gmt":"2026-01-28T13:42:00","guid":{"rendered":"https:\/\/www.newsmillenium.com\/?p=26338"},"modified":"2026-01-28T07:42:05","modified_gmt":"2026-01-28T13:42:05","slug":"indes-lanza-la-copa-presidente-ganaplay-2026","status":"publish","type":"post","link":"https:\/\/www.newsmillenium.com\/index.php\/2026\/01\/28\/indes-lanza-la-copa-presidente-ganaplay-2026\/","title":{"rendered":"INDES lanza la Copa Presidente GanaPlay 2026"},"content":{"rendered":"\n<p>El presidente ad hon\u00f3rem del Instituto Nacional de los Deportes de El Salvador (INDES), Yamil Bukele, realiz\u00f3 el lanzamiento oficial de la Copa Presidente GanaPlay 2026, competencia que iniciar\u00e1 el 10 de febrero y que tendr\u00e1 la participaci\u00f3n de 24 equipos de las tres divisiones profesionales del f\u00fatbol nacional.<\/p>\n\n\n\n<p>En el regreso de la Copa Presidente al f\u00fatbol salvadore\u00f1o participar\u00e1n 12 equipos de la Primera Divisi\u00f3n, seis de Segunda e igual n\u00famero de Tercera, en un formato que busca la integraci\u00f3n y fortalecimiento del balompi\u00e9 salvadore\u00f1o.<\/p>\n\n\n\n<p>El partido inaugural ser\u00e1 el martes 10 de febrero en el Estadio Arturo Sime\u00f3n Maga\u00f1a, de Ahuachap\u00e1n, entre el Once Municipal, de Tercera Divisi\u00f3n, y el Inter FA, de la Primera, encuentro programado para las 3:00 p.m.<\/p>\n\n\n\n<p>El torneo copero tendr\u00e1 una bolsa de $305,000, de los cuales cada equipo recibir\u00e1 $5,000, de entrada, por su participaci\u00f3n. Esa misma cantidad se llevar\u00e1 cada equipo por ronda superada. El campe\u00f3n de la Copa Presidente podr\u00e1 embolsarse hasta $50,000 y el segundo lugar $35,000.<\/p>\n\n\n\n<p>Rodolfo Mena, asistente t\u00e9cnico de la Presidencia del INDES, fue el encargado de presentar el formato, las bases y el calendario de la competencia impulsada por el Gobierno de El Salvador.<\/p>\n\n\n\n<p>Cada grupo estar\u00e1 conformado por dos equipos de la Primera Divisi\u00f3n, uno de Segunda y uno de Tercera, seg\u00fan qued\u00f3 establecido en el sorteo del pasado 21 de enero en el que fueron definidos los bloques por zona geogr\u00e1fica (centro-oriente y centro-occidente).<\/p>\n\n\n\n<p>Los dos primeros equipos de cada grupo, m\u00e1s los cuatro mejores terceros, clasificar\u00e1n a la siguiente fase, donde s\u00f3lo quedar\u00e1n 16 clubes que jugar\u00e1n bajo el formato de eliminaci\u00f3n directa con partidos de ida y vuelta desde la fase de octavos de final.<\/p>\n\n\n\n<p>Los juegos de ida de octavos se disputar\u00e1n entre el 7 y 9 de abril, mientras que los encuentros de vuelta se jugar\u00e1n entre el 21 y 23 de abril. Los partidos de ida de cuartos de final est\u00e1n programados del 1 al 3 de septiembre y los de vuelta del 15 al 17 de septiembre.<\/p>\n\n\n\n<p>Las semifinales ser\u00e1n en octubre y la final est\u00e1 programada para jugarse entre el 3 y 5 de noviembre.<\/p>\n\n\n\n<p>Los equipos de la Primera Divisi\u00f3n que participar\u00e1n son: Luis \u00c1ngel Firpo, Alianza, FAS, \u00c1guila, Fuerte San Francisco, Cacahuatique, Metap\u00e1n, H\u00e9rcules, Inter FA, Zacatecoluca, Platense y Municipal Lime\u00f1o.<\/p>\n\n\n\n<p>La Segunda Divisi\u00f3n estar\u00e1 representada por: Fuerte Aguilares, Batanecos, Cruzeiro, Sensunte Caba\u00f1as, Talleres Jr. y Drag\u00f3n, mientras que por la Tercera participar\u00e1n Izalco, Racing Gualuca, Vendaval, Once Municipal, El Roble y Tenancingo.<\/p>\n\n\n\n<figure class=\"wp-block-image size-full\"><img loading=\"lazy\" decoding=\"async\" width=\"550\" height=\"417\" src=\"https:\/\/www.newsmillenium.com\/wp-content\/uploads\/2026\/01\/portada-1-2-Yamil-Bukele-INDES-Lanzamiento-Copa-Presidente-.jpg\" alt=\"\" class=\"wp-image-26340\" srcset=\"https:\/\/www.newsmillenium.com\/wp-content\/uploads\/2026\/01\/portada-1-2-Yamil-Bukele-INDES-Lanzamiento-Copa-Presidente-.jpg 550w, https:\/\/www.newsmillenium.com\/wp-content\/uploads\/2026\/01\/portada-1-2-Yamil-Bukele-INDES-Lanzamiento-Copa-Presidente--300x227.jpg 300w, https:\/\/www.newsmillenium.com\/wp-content\/uploads\/2026\/01\/portada-1-2-Yamil-Bukele-INDES-Lanzamiento-Copa-Presidente--80x60.jpg 80w\" sizes=\"auto, (max-width: 550px) 100vw, 550px\" \/><\/figure>\n\n\n\n<p>Conformaci\u00f3n de grupos<\/p>\n\n\n\n<p>Grupo A: Municipal Lime\u00f1o, Platense, Cruzeiro y Tenancingo.<\/p>\n\n\n\n<p>Grupo B: \u00c1guila, Fuerte San Francisco, Drag\u00f3n y Racing Gualuca.<\/p>\n\n\n\n<p>Grupo C: Luis \u00c1ngel Firpo, Cacahuatique, Sensunte Caba\u00f1as y El Roble.<\/p>\n\n\n\n<p>Grupo D: Alianza, Zacatecoluca, Batanecos y Vendaval.<\/p>\n\n\n\n<p>Grupo E: FAS, H\u00e9rcules, Fuerte Aguilares e Izalco.<\/p>\n\n\n\n<p>Grupo F: Isidro Metap\u00e1n, Inter FA, Talleres Jr. y Once Municipal.<\/p>\n\n\n\n<p>Jornada 1 de la Copa Presidente<\/p>\n\n\n\n<p>Martes 10 de febrero<\/p>\n\n\n\n<p>Sensunte Caba\u00f1as vs. L.A. Firpo \/ Polideportivo Sensuntepeque<\/p>\n\n\n\n<p>H\u00e9rcules vs. FAS \/ Estadio Nacional Las Delicias<\/p>\n\n\n\n<p>AD Izalco vs. Fuerte Aguilares \/ Cancha Mpal. Salvador Mariona<\/p>\n\n\n\n<p>Once Municipal vs. Inter FA \/ Estadio Arturo Sime\u00f3n Maga\u00f1a<\/p>\n\n\n\n<p>Mi\u00e9rcoles 11 de febrero<\/p>\n\n\n\n<p>Cruzeiro vs. M. Lime\u00f1o \/ Estadio Jiboa<\/p>\n\n\n\n<p>Tenancingo vs. Platense \/ Estadio Municipal Mauricio Vides<\/p>\n\n\n\n<p>Drag\u00f3n vs. \u00c1guila \/ Estadio Juan Francisco Barraza<\/p>\n\n\n\n<p>El Roble vs. Cacahuatique \/ Estadio Municipal Mauricio Vides<\/p>\n\n\n\n<p>Jueves 12 de febrero<\/p>\n\n\n\n<p>Racing Gualuca vs. Fuerte San Francisco \/ Cancha C\u00e9sar Antonio Angulo<\/p>\n\n\n\n<p>Vendaval vs. Alianza \/ Cancha Joaqu\u00edn Guti\u00e9rrez<\/p>\n\n\n\n<p>Batanecos vs. Zacatecoluca \/ Cancha Juan Francisco Molina<\/p>\n\n\n\n<p>Talleres Jr. vs. Metap\u00e1n \/ Estadio Gregorio Mart\u00ednez<\/p>\n","protected":false},"excerpt":{"rendered":"<p>El presidente ad hon\u00f3rem del Instituto Nacional de los Deportes de El Salvador (INDES), Yamil Bukele, realiz\u00f3 el lanzamiento oficial de la Copa Presidente GanaPlay 2026, competencia que iniciar\u00e1 el 10 de febrero y que tendr\u00e1 la participaci\u00f3n de 24 equipos de las tres divisiones profesionales del f\u00fatbol nacional. En el regreso de la Copa [&hellip;]<\/p>\n","protected":false},"author":2,"featured_media":26339,"comment_status":"open","ping_status":"open","sticky":false,"template":"","format":"standard","meta":{"tdm_status":"","tdm_grid_status":"","footnotes":""},"categories":[14,4],"tags":[],"class_list":{"0":"post-26338","1":"post","2":"type-post","3":"status-publish","4":"format-standard","5":"has-post-thumbnail","7":"category-destacads","8":"category-elsalvador"},"jetpack_featured_media_url":"https:\/\/www.newsmillenium.com\/wp-content\/uploads\/2026\/01\/portada-1-Yamil-Bukele-INDES-Lanzamiento-Copa-Presidente-.jpg","amp_enabled":true,"_links":{"self":[{"href":"https:\/\/www.newsmillenium.com\/index.php\/wp-json\/wp\/v2\/posts\/26338","targetHints":{"allow":["GET"]}}],"collection":[{"href":"https:\/\/www.newsmillenium.com\/index.php\/wp-json\/wp\/v2\/posts"}],"about":[{"href":"https:\/\/www.newsmillenium.com\/index.php\/wp-json\/wp\/v2\/types\/post"}],"author":[{"embeddable":true,"href":"https:\/\/www.newsmillenium.com\/index.php\/wp-json\/wp\/v2\/users\/2"}],"replies":[{"embeddable":true,"href":"https:\/\/www.newsmillenium.com\/index.php\/wp-json\/wp\/v2\/comments?post=26338"}],"version-history":[{"count":1,"href":"https:\/\/www.newsmillenium.com\/index.php\/wp-json\/wp\/v2\/posts\/26338\/revisions"}],"predecessor-version":[{"id":26341,"href":"https:\/\/www.newsmillenium.com\/index.php\/wp-json\/wp\/v2\/posts\/26338\/revisions\/26341"}],"wp:featuredmedia":[{"embeddable":true,"href":"https:\/\/www.newsmillenium.com\/index.php\/wp-json\/wp\/v2\/media\/26339"}],"wp:attachment":[{"href":"https:\/\/www.newsmillenium.com\/index.php\/wp-json\/wp\/v2\/media?parent=26338"}],"wp:term":[{"taxonomy":"category","embeddable":true,"href":"https:\/\/www.newsmillenium.com\/index.php\/wp-json\/wp\/v2\/categories?post=26338"},{"taxonomy":"post_tag","embeddable":true,"href":"https:\/\/www.newsmillenium.com\/index.php\/wp-json\/wp\/v2\/tags?post=26338"}],"curies":[{"name":"wp","href":"https:\/\/api.w.org\/{rel}","templated":true}]}}