{"id":25407,"date":"2025-08-07T06:31:44","date_gmt":"2025-08-07T12:31:44","guid":{"rendered":"https:\/\/www.newsmillenium.com\/?p=25407"},"modified":"2025-08-07T06:31:46","modified_gmt":"2025-08-07T12:31:46","slug":"dermatitis-atopica-afecta-la-autoestima-de-jovenes-y-ninos","status":"publish","type":"post","link":"https:\/\/www.newsmillenium.com\/index.php\/2025\/08\/07\/dermatitis-atopica-afecta-la-autoestima-de-jovenes-y-ninos\/","title":{"rendered":"Dermatitis at\u00f3pica afecta la autoestima de j\u00f3venes y ni\u00f1os"},"content":{"rendered":"\n<p>NotiPress<\/p>\n\n\n\n<p>La dermatitis at\u00f3pica, una enfermedad inflamatoria cr\u00f3nica de la piel, no solo produce molestias f\u00edsicas, sino que puede comprometer seriamente el bienestar emocional de ni\u00f1os y adolescentes. Especialistas en salud mental advierten que esta condici\u00f3n puede generar ansiedad, depresi\u00f3n e inseguridad corporal, especialmente durante etapas cr\u00edticas del desarrollo, como la infancia media y la adolescencia.<\/p>\n\n\n\n<p><\/p>\n\n\n\n<p>Durante el evento &#8220;De la infancia a la adultez, una condici\u00f3n que nos acompa\u00f1a&#8221;, organizado por la Alianza de Apoyo al Paciente con Dermatitis At\u00f3pica, la psic\u00f3loga Doris Santos explic\u00f3 que entre los 6 y 11 a\u00f1os los menores atraviesan una etapa clave para la construcci\u00f3n de la autoestima. En esta fase, conocida como &#8220;laboriosidad versus inferioridad&#8221;, los s\u00edntomas visibles de la enfermedad o su interferencia con actividades cotidianas pueden alterar la percepci\u00f3n de competencia y generar aislamiento social.<\/p>\n\n\n\n<p><\/p>\n\n\n\n<p>&#8220;De repente no solamente soy diferente a nivel f\u00edsico, porque estoy teniendo una exacerbaci\u00f3n t\u00f3pica en mi cuerpo, sino tambi\u00e9n hay un aspecto emocional que estoy pasando&#8221;, expres\u00f3 la especialista. Esta interacci\u00f3n entre lo f\u00edsico y lo emocional puede intensificarse al llegar a la adolescencia, momento en que la imagen corporal adquiere mayor relevancia para la construcci\u00f3n de la identidad.<\/p>\n\n\n\n<p><\/p>\n\n\n\n<p>En la etapa de los 12 a los 18 a\u00f1os, los adolescentes con dermatitis at\u00f3pica pueden enfrentar mayores obst\u00e1culos para formar una autoimagen positiva. Esta situaci\u00f3n se refleja en comportamientos como retraimiento, irritabilidad o cambios en el apetito. La psic\u00f3loga tambi\u00e9n enfatiz\u00f3 la importancia de que padres, escuelas y entornos sociales act\u00faen como redes de apoyo: &#8220;Trabajamos en equipo jugando todos para el mismo equipo, no divididos&#8221;.<\/p>\n\n\n\n<p><\/p>\n\n\n\n<p>Con este contexto, el acceso a terapias eficaces es clave. En M\u00e9xico, la Comisi\u00f3n Federal para la Protecci\u00f3n contra Riesgos Sanitarios (Cofepris) otorg\u00f3 recientemente el registro sanitario a lebrikizumab, un medicamento desarrollado por la farmac\u00e9utica Lilly. La doctora Ana Cant\u00fa, directora m\u00e9dica en inmunolog\u00eda de la compa\u00f1\u00eda, inform\u00f3 que esta terapia est\u00e1 indicada para personas mayores de 12 a\u00f1os con dermatitis at\u00f3pica moderada a grave, y act\u00faa aliviando s\u00edntomas como el eccema y el prurito.<\/p>\n\n\n\n<p><\/p>\n\n\n\n<p>Seg\u00fan datos compartidos con NotiPress, la dermatitis at\u00f3pica afecta al 20% de la poblaci\u00f3n mexicana y suele ser subdiagnosticada, lo que prolonga el sufrimiento emocional y f\u00edsico de los pacientes. &#8220;Los pacientes viven con esta frustraci\u00f3n y frecuentemente buscan acceder a tratamientos que les permitan llevar una vida sin molestias&#8221;, afirm\u00f3 el doctor Santiago Posada, vicepresidente de Asuntos M\u00e9dicos para Latinoam\u00e9rica.<\/p>\n","protected":false},"excerpt":{"rendered":"<p>NotiPress La dermatitis at\u00f3pica, una enfermedad inflamatoria cr\u00f3nica de la piel, no solo produce molestias f\u00edsicas, sino que puede comprometer seriamente el bienestar emocional de ni\u00f1os y adolescentes. Especialistas en salud mental advierten que esta condici\u00f3n puede generar ansiedad, depresi\u00f3n e inseguridad corporal, especialmente durante etapas cr\u00edticas del desarrollo, como la infancia media y la [&hellip;]<\/p>\n","protected":false},"author":2,"featured_media":25408,"comment_status":"open","ping_status":"open","sticky":false,"template":"","format":"standard","meta":{"tdm_status":"","tdm_grid_status":"","footnotes":""},"categories":[14,7],"tags":[],"class_list":{"0":"post-25407","1":"post","2":"type-post","3":"status-publish","4":"format-standard","5":"has-post-thumbnail","7":"category-destacads","8":"category-salud"},"jetpack_featured_media_url":"https:\/\/www.newsmillenium.com\/wp-content\/uploads\/2025\/08\/portada-1-dermatitis-atopica.jpg","amp_enabled":true,"_links":{"self":[{"href":"https:\/\/www.newsmillenium.com\/index.php\/wp-json\/wp\/v2\/posts\/25407","targetHints":{"allow":["GET"]}}],"collection":[{"href":"https:\/\/www.newsmillenium.com\/index.php\/wp-json\/wp\/v2\/posts"}],"about":[{"href":"https:\/\/www.newsmillenium.com\/index.php\/wp-json\/wp\/v2\/types\/post"}],"author":[{"embeddable":true,"href":"https:\/\/www.newsmillenium.com\/index.php\/wp-json\/wp\/v2\/users\/2"}],"replies":[{"embeddable":true,"href":"https:\/\/www.newsmillenium.com\/index.php\/wp-json\/wp\/v2\/comments?post=25407"}],"version-history":[{"count":1,"href":"https:\/\/www.newsmillenium.com\/index.php\/wp-json\/wp\/v2\/posts\/25407\/revisions"}],"predecessor-version":[{"id":25409,"href":"https:\/\/www.newsmillenium.com\/index.php\/wp-json\/wp\/v2\/posts\/25407\/revisions\/25409"}],"wp:featuredmedia":[{"embeddable":true,"href":"https:\/\/www.newsmillenium.com\/index.php\/wp-json\/wp\/v2\/media\/25408"}],"wp:attachment":[{"href":"https:\/\/www.newsmillenium.com\/index.php\/wp-json\/wp\/v2\/media?parent=25407"}],"wp:term":[{"taxonomy":"category","embeddable":true,"href":"https:\/\/www.newsmillenium.com\/index.php\/wp-json\/wp\/v2\/categories?post=25407"},{"taxonomy":"post_tag","embeddable":true,"href":"https:\/\/www.newsmillenium.com\/index.php\/wp-json\/wp\/v2\/tags?post=25407"}],"curies":[{"name":"wp","href":"https:\/\/api.w.org\/{rel}","templated":true}]}}