{"id":25364,"date":"2025-08-01T06:19:21","date_gmt":"2025-08-01T12:19:21","guid":{"rendered":"https:\/\/www.newsmillenium.com\/?p=25364"},"modified":"2025-08-01T06:19:23","modified_gmt":"2025-08-01T12:19:23","slug":"diputados-eliminan-participacion-de-el-salvador-en-el-parlacen","status":"publish","type":"post","link":"https:\/\/www.newsmillenium.com\/index.php\/2025\/08\/01\/diputados-eliminan-participacion-de-el-salvador-en-el-parlacen\/","title":{"rendered":"Diputados eliminan participaci\u00f3n de El Salvador en el PARLACEN"},"content":{"rendered":"\n<p>El pleno legislativo aprob\u00f3 reformas a los art\u00edculos 80 y 133 de la Constituci\u00f3n de la Rep\u00fablica, que son los que establecen la participaci\u00f3n del pa\u00eds en esa instituci\u00f3n. Los legisladores argumentaron que el organismo no ha generado ning\u00fan beneficio a la poblaci\u00f3n y ha servido de refugio a expol\u00edticos se\u00f1alados de corrupci\u00f3n.<\/p>\n\n\n\n<p><\/p>\n\n\n\n<p>Con 57 votos, los diputados de la Asamblea Legislativa aprobaron la separaci\u00f3n de El Salvador del Parlamento Centroamericano (PARLACEN), por considerar que pertenecer a dicha instituci\u00f3n no es de utilidad para la naci\u00f3n, no produce ning\u00fan beneficio a la poblaci\u00f3n y ha servido como refugio a pol\u00edticos se\u00f1alados de corrupci\u00f3n.<\/p>\n\n\n\n<p>Para ello, los legisladores reformaron los art\u00edculos 80 y 133 de la Constituci\u00f3n de la Rep\u00fablica, debido a que son los que establecen la participaci\u00f3n del pa\u00eds en esa instituci\u00f3n, conformada el 28 de octubre de 1991, como resultado de los Acuerdos de Esquipulas II firmados en 1987.<\/p>\n\n\n\n<p><\/p>\n\n\n\n<p>\u201cEste d\u00eda, damos el primer paso a la verdadera integraci\u00f3n centroamericana y esto es quitar lo que no funciona. Vamos a reformar la Constituci\u00f3n y vamos a enmendar la situaci\u00f3n que por muchos a\u00f1os no se hizo\u201d, expres\u00f3 el parlamentario Giovanny Zalda\u00f1a, de Nuevas Ideas, quien present\u00f3 la propuesta de reforma, &#8220;a petici\u00f3n del pueblo salvadore\u00f1o&#8221;, y fue respaldada por 57 legisladores.<\/p>\n\n\n\n<p>Zalda\u00f1a argument\u00f3 que pertenencer al PARLACEN &#8220;no ha generado ning\u00fan beneficio a nuestro pueblo\u201d. Tambi\u00e9n aclar\u00f3 que separarse del organismo no impedir\u00e1 que El Salvador deje de promover la integraci\u00f3n centroamericana, con el objetivo de buscar utilidades mutuas que sean de provecho para las mayor\u00edas en los pa\u00edses de la regi\u00f3n.<\/p>\n\n\n\n<p><\/p>\n\n\n\n<p>El diputado aclar\u00f3 que El Salvador mantendr\u00e1 buenas relaciones con las naciones que comforman el PARLACEN: Guatemala, Honduras, Nicaragua, Panam\u00e1 y Rep\u00fablica Dominicana.<\/p>\n\n\n\n<p>\u201cEl Salvador, sus representantes y su pueblo seguir\u00e1 buscando la uni\u00f3n de Centroam\u00e9rica, as\u00ed como ya hemos hecho esfuerzos a lo largo de la historia y como lo so\u00f1aba nuestro hermano centroamericano Francisco Moraz\u00e1n\u201d, afirm\u00f3 Zalda\u00f1a.<\/p>\n\n\n\n<p><\/p>\n\n\n\n<p>Al respecto, el presidente de la Asamblea Legislativa Ernesto Castro, reiter\u00f3 que &#8220;con esta no se abandona el compromiso con la unidad centroamericana. S\u00e9 que buscaremos nuevos mecanismos que contribuyan al desarrollo de nuestra regi\u00f3n\u201d.<\/p>\n\n\n\n<p>Actualmente, en el PARLACEN hay 20 diputados salvadore\u00f1os, quienes fueron electos para el periodo 2021-2026.<\/p>\n\n\n\n<p><\/p>\n\n\n\n<p><strong>Pol\u00edticos corruptos buscaron protecci\u00f3n en el PARLACEN<\/strong><\/p>\n\n\n\n<p>\u201cHemos marcado un hito en la historia de nuestra naci\u00f3n. Aprobamos la salida de El Salvador del PARLACEN, una instituci\u00f3n que, a lo largo de los a\u00f1os, ha sufrido esc\u00e1ndalos y ha sido refugio de pol\u00edticos se\u00f1alados por corrupci\u00f3n\u201d, afirm\u00f3 el presidente Castro, en su cuenta de X.<\/p>\n\n\n\n<p>Durante la discusi\u00f3n del tema en la sesi\u00f3n plenaria, los diputados mencionaron a algunos expol\u00edticos se\u00f1alados de corrupci\u00f3n, quienes se valieron del fuero constitucional que les otorgaba el cargo y utilizaron el Parlamento Centroamericano para evadir la justicia.<\/p>\n\n\n\n<p><\/p>\n\n\n\n<p>Entre ellos estuvo Roberto Silva Pereira, quien fue diputado del PARLACEN por el PCN, entre 2006-2009. \u00c9l fue acusado por los delitos de lavado de dinero, cohecho, por un monto de $17.7 millones, y fue se\u00f1alado de tener v\u00ednculos con el narcotr\u00e1fico. En 2022, la Fiscal\u00eda General de la Rep\u00fablica (FGR) logr\u00f3 que se le condenara a 22 a\u00f1os de prisi\u00f3n.<\/p>\n\n\n\n<p><\/p>\n\n\n\n<p>Tambi\u00e9n fue parte del PARLACEN el exdiputado del FMLN, Eugenio Chicas, se\u00f1alado por enriquecimiento patrimonial injustificado por un monto de $130,768.14. \u00c9l fue arrestado en febrero pasado.<\/p>\n\n\n\n<p>Su colega Jorge Schafick Handal tambi\u00e9n fue diputado del partido de izquierda en el PARLACEN entre 2018 y 2021. Actualmente, \u00e9l enfrenta una demanda por enriquecimiento il\u00edcito por $182,374.61<\/p>\n\n\n\n<p><\/p>\n\n\n\n<p>Adem\u00e1s, Norman Quijano, condenado a 13 a\u00f1os de prisi\u00f3n por agrupaciones il\u00edcitas y fraude procesal, por las negociaciones que hizo con las pandillas, est\u00e1 preso en Estados Unidos, pero conserva una plaza en el PARLACEN.<\/p>\n\n\n\n<p><\/p>\n\n\n\n<p>Al terminar su mandato, Mauricio Funes tambi\u00e9n ingres\u00f3 al PARLACEN. La Fiscal\u00eda lo acus\u00f3 de los delitos de peculado, lavado de dinero y encubrimiento, por el desv\u00edo de $351 millones durante su gobierno, 2009-2014.<\/p>\n\n\n\n<p>\u201cAh\u00ed se han ido a refugiar los que tienen cuentas pendientes con la justicia y lo hac\u00edan para conseguir un blindaje. El PARLACEN parec\u00eda una instituci\u00f3n que les daba becas a los corruptos y nunca hizo nada por la integraci\u00f3n centroamericana, m\u00e1s bien era un obst\u00e1culo\u201d, critic\u00f3 el diputado Zalda\u00f1a.<\/p>\n\n\n\n<p><\/p>\n\n\n\n<p><strong>El Salvador tendr\u00e1 un ahorro al salir del PARLACEN<\/strong><\/p>\n\n\n\n<p>Por m\u00e1s de 30 a\u00f1os, El Salvador ha tenido que destinar un presupuesto espec\u00edfico para el PARLACEN, tanto como para aportaci\u00f3n (que en 2024 sum\u00f3 $1.7 millones), as\u00ed como para la realizaci\u00f3n de las elecciones de los candidatos a conformar esa instituci\u00f3n.<\/p>\n\n\n\n<p><\/p>\n\n\n\n<p>\u201cFueron millones de d\u00f3lares que se pudieron utilizar para obras que beneficiar\u00edan a la gente, pero fueron a parar al PARLACEN. Otros pa\u00edses tambi\u00e9n gastan esos millones de d\u00f3lares. Todo ese dinero podr\u00eda utilizarse para comprar computadoras para d\u00e1rselas a los ni\u00f1os, como ya se est\u00e1 haciendo en El Salvador\u201d, apunt\u00f3 Zalda\u00f1a.<\/p>\n\n\n\n<p>En las \u00faltimas elecciones presidenciales, del PARLACEN, Asamblea Legislativa y Concejos Municipales se gastaron $1,621,000 en la impresi\u00f3n de papeletas de votaci\u00f3n para elegir a diputados del PARLACEN y m\u00e1s de 59 mil electores se abstuvieron a votar y muchos m\u00e1s anularon el voto.<\/p>\n","protected":false},"excerpt":{"rendered":"<p>El pleno legislativo aprob\u00f3 reformas a los art\u00edculos 80 y 133 de la Constituci\u00f3n de la Rep\u00fablica, que son los que establecen la participaci\u00f3n del pa\u00eds en esa instituci\u00f3n. Los legisladores argumentaron que el organismo no ha generado ning\u00fan beneficio a la poblaci\u00f3n y ha servido de refugio a expol\u00edticos se\u00f1alados de corrupci\u00f3n. Con 57 [&hellip;]<\/p>\n","protected":false},"author":2,"featured_media":25365,"comment_status":"open","ping_status":"open","sticky":false,"template":"","format":"standard","meta":{"tdm_status":"","tdm_grid_status":"","footnotes":""},"categories":[4],"tags":[],"class_list":{"0":"post-25364","1":"post","2":"type-post","3":"status-publish","4":"format-standard","5":"has-post-thumbnail","7":"category-elsalvador"},"jetpack_featured_media_url":"https:\/\/www.newsmillenium.com\/wp-content\/uploads\/2025\/08\/abandonar-parlacen.jpg","amp_enabled":true,"_links":{"self":[{"href":"https:\/\/www.newsmillenium.com\/index.php\/wp-json\/wp\/v2\/posts\/25364","targetHints":{"allow":["GET"]}}],"collection":[{"href":"https:\/\/www.newsmillenium.com\/index.php\/wp-json\/wp\/v2\/posts"}],"about":[{"href":"https:\/\/www.newsmillenium.com\/index.php\/wp-json\/wp\/v2\/types\/post"}],"author":[{"embeddable":true,"href":"https:\/\/www.newsmillenium.com\/index.php\/wp-json\/wp\/v2\/users\/2"}],"replies":[{"embeddable":true,"href":"https:\/\/www.newsmillenium.com\/index.php\/wp-json\/wp\/v2\/comments?post=25364"}],"version-history":[{"count":1,"href":"https:\/\/www.newsmillenium.com\/index.php\/wp-json\/wp\/v2\/posts\/25364\/revisions"}],"predecessor-version":[{"id":25366,"href":"https:\/\/www.newsmillenium.com\/index.php\/wp-json\/wp\/v2\/posts\/25364\/revisions\/25366"}],"wp:featuredmedia":[{"embeddable":true,"href":"https:\/\/www.newsmillenium.com\/index.php\/wp-json\/wp\/v2\/media\/25365"}],"wp:attachment":[{"href":"https:\/\/www.newsmillenium.com\/index.php\/wp-json\/wp\/v2\/media?parent=25364"}],"wp:term":[{"taxonomy":"category","embeddable":true,"href":"https:\/\/www.newsmillenium.com\/index.php\/wp-json\/wp\/v2\/categories?post=25364"},{"taxonomy":"post_tag","embeddable":true,"href":"https:\/\/www.newsmillenium.com\/index.php\/wp-json\/wp\/v2\/tags?post=25364"}],"curies":[{"name":"wp","href":"https:\/\/api.w.org\/{rel}","templated":true}]}}