{"id":25312,"date":"2025-07-25T07:02:41","date_gmt":"2025-07-25T13:02:41","guid":{"rendered":"https:\/\/www.newsmillenium.com\/?p=25312"},"modified":"2025-07-25T07:02:44","modified_gmt":"2025-07-25T13:02:44","slug":"juramentan-a-dos-magistrados-suplentes-de-la-corte-suprema-de-justicia","status":"publish","type":"post","link":"https:\/\/www.newsmillenium.com\/index.php\/2025\/07\/25\/juramentan-a-dos-magistrados-suplentes-de-la-corte-suprema-de-justicia\/","title":{"rendered":"Juramentan a dos magistrados suplentes de la Corte Suprema de Justicia"},"content":{"rendered":"\n<p>Con base en el art\u00edculo 59 de la Ley del Consejo Nacional de la Judicatura, los parlamentarios nombraron a dos abogados para formar parte de la nueva magistratura suplente para el periodo 2025-2033, a quienes la Corte Plena designar\u00e1 para las diferentes salas.<\/p>\n\n\n\n<p><\/p>\n\n\n\n<p>En la sesi\u00f3n plenaria n\u00famero 65, los diputados de la Asamblea Legislativa eligieron y juramentaron a los magistrados suplentes de la Corte Suprema de Justicia (CSJ) que ser\u00e1n designados por la Corte Plena para las diferentes salas.<\/p>\n\n\n\n<p><\/p>\n\n\n\n<p>Con base en el art\u00edculo 59 de la Ley del Consejo Nacional de la Judicatura y coherente con la elecci\u00f3n de magistrados propietarios que realizaron en septiembre de 2024, los parlamentarios eligieron -\u2014con 57 votos\u2014 a los abogados Marta Mar\u00eda Iglesias Majano y a Jos\u00e9 Mauricio Cardoza Hern\u00e1ndez, quienes finalizar\u00e1n sus funciones el 23 de septiembre de 2033.<\/p>\n\n\n\n<p>Tras la elecci\u00f3n, los nuevos funcionarios suplentes rindieron protesta ante el pleno legislativo, como lo establece el art\u00edculo 235 de la Constituci\u00f3n de la Rep\u00fablica.<\/p>\n\n\n\n<p><\/p>\n\n\n\n<p>Durante el desarrollo de la sesi\u00f3n plenaria, el jefe de la bancada de Nuevas Ideas, Christian Guevara, record\u00f3 que, en 2024, eligieron como funcionarios propietarios a quienes hasta entonces ocupaban el cargo de suplentes: Alejandro Antonio Quinteros Espinoza, en sustituci\u00f3n del magistrado Miguel \u00c1ngel Flores Durel, quien falleci\u00f3 en 2023; y a Jos\u00e9 Alejandro Marroqu\u00edn Galos, quien reemplaz\u00f3 a Enrique Alberto Portillo Pe\u00f1a, quien renunci\u00f3 en 2022.<\/p>\n\n\n\n<p><\/p>\n\n\n\n<p>Perfiles profesionales<\/p>\n\n\n\n<p>La abogada y notaria Marta Mar\u00eda Iglesias Majano tiene 17 a\u00f1os en el ejercicio de la profesi\u00f3n. Se desempe\u00f1\u00f3 como colaboradora jur\u00eddica y capacitadora en el Instituto Salvadore\u00f1o para el Desarrollo de la Mujer (ISDEMU). Actualmente, es jefa de la Unidad de Vigilancia Penitenciaria de la Fiscal\u00eda General de la Rep\u00fablica (FGR) en San Miguel.<\/p>\n\n\n\n<p>Su colega Jos\u00e9 Mauricio Cardoza Hern\u00e1ndez posee estudios en Derecho de Familia. Actualmente, se desempe\u00f1a como registrador jefe del Centro Nacional de Registro (CNR) de San Miguel.<\/p>\n","protected":false},"excerpt":{"rendered":"<p>Con base en el art\u00edculo 59 de la Ley del Consejo Nacional de la Judicatura, los parlamentarios nombraron a dos abogados para formar parte de la nueva magistratura suplente para el periodo 2025-2033, a quienes la Corte Plena designar\u00e1 para las diferentes salas. En la sesi\u00f3n plenaria n\u00famero 65, los diputados de la Asamblea Legislativa [&hellip;]<\/p>\n","protected":false},"author":2,"featured_media":25313,"comment_status":"open","ping_status":"open","sticky":false,"template":"","format":"standard","meta":{"tdm_status":"","tdm_grid_status":"","footnotes":""},"categories":[4],"tags":[],"class_list":{"0":"post-25312","1":"post","2":"type-post","3":"status-publish","4":"format-standard","5":"has-post-thumbnail","7":"category-elsalvador"},"jetpack_featured_media_url":"https:\/\/www.newsmillenium.com\/wp-content\/uploads\/2025\/07\/portada-1-AL-juramenta-magiostrados.jpg","amp_enabled":true,"_links":{"self":[{"href":"https:\/\/www.newsmillenium.com\/index.php\/wp-json\/wp\/v2\/posts\/25312","targetHints":{"allow":["GET"]}}],"collection":[{"href":"https:\/\/www.newsmillenium.com\/index.php\/wp-json\/wp\/v2\/posts"}],"about":[{"href":"https:\/\/www.newsmillenium.com\/index.php\/wp-json\/wp\/v2\/types\/post"}],"author":[{"embeddable":true,"href":"https:\/\/www.newsmillenium.com\/index.php\/wp-json\/wp\/v2\/users\/2"}],"replies":[{"embeddable":true,"href":"https:\/\/www.newsmillenium.com\/index.php\/wp-json\/wp\/v2\/comments?post=25312"}],"version-history":[{"count":1,"href":"https:\/\/www.newsmillenium.com\/index.php\/wp-json\/wp\/v2\/posts\/25312\/revisions"}],"predecessor-version":[{"id":25314,"href":"https:\/\/www.newsmillenium.com\/index.php\/wp-json\/wp\/v2\/posts\/25312\/revisions\/25314"}],"wp:featuredmedia":[{"embeddable":true,"href":"https:\/\/www.newsmillenium.com\/index.php\/wp-json\/wp\/v2\/media\/25313"}],"wp:attachment":[{"href":"https:\/\/www.newsmillenium.com\/index.php\/wp-json\/wp\/v2\/media?parent=25312"}],"wp:term":[{"taxonomy":"category","embeddable":true,"href":"https:\/\/www.newsmillenium.com\/index.php\/wp-json\/wp\/v2\/categories?post=25312"},{"taxonomy":"post_tag","embeddable":true,"href":"https:\/\/www.newsmillenium.com\/index.php\/wp-json\/wp\/v2\/tags?post=25312"}],"curies":[{"name":"wp","href":"https:\/\/api.w.org\/{rel}","templated":true}]}}