{"id":25241,"date":"2025-07-21T06:41:21","date_gmt":"2025-07-21T12:41:21","guid":{"rendered":"https:\/\/www.newsmillenium.com\/?p=25241"},"modified":"2025-07-21T06:41:24","modified_gmt":"2025-07-21T12:41:24","slug":"el-cerebro-despierta-siguiendo-un-orden-establecido-afirma-estudio","status":"publish","type":"post","link":"https:\/\/www.newsmillenium.com\/index.php\/2025\/07\/21\/el-cerebro-despierta-siguiendo-un-orden-establecido-afirma-estudio\/","title":{"rendered":"El cerebro despierta siguiendo un orden establecido, afirma estudio"},"content":{"rendered":"\n<p>NotiPress<\/p>\n\n\n\n<p>Un estudio publicado en Current Biology revel\u00f3 que el cerebro humano se activa en secuencia al despertar. Este hallazgo, extra\u00eddo de m\u00e1s de mil registros de transici\u00f3n del sue\u00f1o a la vigilia, podr\u00edan ayudar a tratar la inercia del sue\u00f1o, esa sensaci\u00f3n de somnolencia tras despertar.<\/p>\n\n\n\n<p><\/p>\n\n\n\n<p>La investigaci\u00f3n fue liderada por Francesca Siclari, neurocient\u00edfica del Instituto Holand\u00e9s de Neurociencia. Su equipo estudi\u00f3 a 20 participantes durante despertares en la fase REM, momento caracterizado por sue\u00f1os intensos y un patr\u00f3n cerebral similar al estado de alerta, aunque sin movimiento muscular. Para ello, colocaron 256 sensores sobre el cuero cabelludo de cada voluntario, obteniendo registros de alta resoluci\u00f3n temporal.<\/p>\n\n\n\n<p><\/p>\n\n\n\n<p>Los despertares fueron tanto espont\u00e1neos como inducidos por alarmas. En ambos escenarios, los datos mostraron que las regiones frontales del cerebro se activan primero seguidas por una propagaci\u00f3n hacia zonas posteriores. Esto significa que el despertar inicia en las \u00e1reas asociadas a la toma de decisiones y finaliza en la zona occipital, responsable de la percepci\u00f3n visual. &#8220;Despertarse no es simplemente un proceso inverso a quedarse dormido, sino una ola ordenada de activaci\u00f3n que va de adelante hacia atr\u00e1s&#8221;, afirm\u00f3 Rachel Rowe, neurocient\u00edfica de la Universidad de Colorado Boulder.<\/p>\n\n\n\n<p><\/p>\n\n\n\n<p>Hasta el momento, las t\u00e9cnicas de imagen no permit\u00edan observar esta secuencia con tal precisi\u00f3n. Aunque se sab\u00eda que el patr\u00f3n de vigilia aparec\u00eda en distintos tiempos seg\u00fan la zona cerebral. Esta es la primera vez que se documenta un orden claro y medible en esa transici\u00f3n, desde la actividad cognitiva hasta el procesamiento visual.<\/p>\n\n\n\n<p><\/p>\n\n\n\n<p>Seg\u00fan los autores, el descubrimiento podr\u00eda tener aplicaciones cl\u00ednicas importantes, sobre todo para personas con dificultad para despertar con claridad. Tambi\u00e9n podr\u00eda ser relevante en entornos de alta exigencia, como en el caso de personal m\u00e9dico o trabajadores que necesitan un estado de alerta inmediato, incluyendo a quienes operan maquinaria o responden en situaciones cr\u00edticas.<\/p>\n","protected":false},"excerpt":{"rendered":"<p>NotiPress Un estudio publicado en Current Biology revel\u00f3 que el cerebro humano se activa en secuencia al despertar. Este hallazgo, extra\u00eddo de m\u00e1s de mil registros de transici\u00f3n del sue\u00f1o a la vigilia, podr\u00edan ayudar a tratar la inercia del sue\u00f1o, esa sensaci\u00f3n de somnolencia tras despertar. La investigaci\u00f3n fue liderada por Francesca Siclari, neurocient\u00edfica [&hellip;]<\/p>\n","protected":false},"author":2,"featured_media":25242,"comment_status":"open","ping_status":"open","sticky":false,"template":"","format":"standard","meta":{"tdm_status":"","tdm_grid_status":"","footnotes":""},"categories":[2,7],"tags":[],"class_list":{"0":"post-25241","1":"post","2":"type-post","3":"status-publish","4":"format-standard","5":"has-post-thumbnail","7":"category-featured","8":"category-salud"},"jetpack_featured_media_url":"https:\/\/www.newsmillenium.com\/wp-content\/uploads\/2025\/07\/portada-1-despierta-cerebro.jpg","amp_enabled":true,"_links":{"self":[{"href":"https:\/\/www.newsmillenium.com\/index.php\/wp-json\/wp\/v2\/posts\/25241","targetHints":{"allow":["GET"]}}],"collection":[{"href":"https:\/\/www.newsmillenium.com\/index.php\/wp-json\/wp\/v2\/posts"}],"about":[{"href":"https:\/\/www.newsmillenium.com\/index.php\/wp-json\/wp\/v2\/types\/post"}],"author":[{"embeddable":true,"href":"https:\/\/www.newsmillenium.com\/index.php\/wp-json\/wp\/v2\/users\/2"}],"replies":[{"embeddable":true,"href":"https:\/\/www.newsmillenium.com\/index.php\/wp-json\/wp\/v2\/comments?post=25241"}],"version-history":[{"count":1,"href":"https:\/\/www.newsmillenium.com\/index.php\/wp-json\/wp\/v2\/posts\/25241\/revisions"}],"predecessor-version":[{"id":25243,"href":"https:\/\/www.newsmillenium.com\/index.php\/wp-json\/wp\/v2\/posts\/25241\/revisions\/25243"}],"wp:featuredmedia":[{"embeddable":true,"href":"https:\/\/www.newsmillenium.com\/index.php\/wp-json\/wp\/v2\/media\/25242"}],"wp:attachment":[{"href":"https:\/\/www.newsmillenium.com\/index.php\/wp-json\/wp\/v2\/media?parent=25241"}],"wp:term":[{"taxonomy":"category","embeddable":true,"href":"https:\/\/www.newsmillenium.com\/index.php\/wp-json\/wp\/v2\/categories?post=25241"},{"taxonomy":"post_tag","embeddable":true,"href":"https:\/\/www.newsmillenium.com\/index.php\/wp-json\/wp\/v2\/tags?post=25241"}],"curies":[{"name":"wp","href":"https:\/\/api.w.org\/{rel}","templated":true}]}}