{"id":24965,"date":"2025-06-26T12:17:03","date_gmt":"2025-06-26T18:17:03","guid":{"rendered":"https:\/\/www.newsmillenium.com\/?p=24965"},"modified":"2025-06-26T12:17:06","modified_gmt":"2025-06-26T18:17:06","slug":"abogado-franklin-nolasco-es-reelegido-como-presidente-del-tribunal-de-servicio-civil-para-el-periodo-2025-2028","status":"publish","type":"post","link":"https:\/\/www.newsmillenium.com\/index.php\/2025\/06\/26\/abogado-franklin-nolasco-es-reelegido-como-presidente-del-tribunal-de-servicio-civil-para-el-periodo-2025-2028\/","title":{"rendered":"Abogado Franklin Nolasco es reelegido como presidente del Tribunal de Servicio Civil para el periodo 2025-2028"},"content":{"rendered":"\n<p>El profesional continuar\u00e1 al frente de la entidad que se encarga de regular la carrera administrativa para garantizar una buena relaci\u00f3n entre funcionarios y empleados p\u00fablicos, as\u00ed como la protecci\u00f3n de \u00e9sta y la eficiencia de la administraci\u00f3n p\u00fablica.<\/p>\n\n\n\n<p><\/p>\n\n\n\n<p>Con 59 votos, la Asamblea Legislativa decidi\u00f3 que el abogado Franklin Josu\u00e9 Nolasco permanezca en el cargo de presidente del Tribunal de Servicio Civil (TSC), la entidad encargada de regular la carrera administrativa para garantizar una buena relaci\u00f3n entre funcionarios y empleados p\u00fablicos, as\u00ed como la protecci\u00f3n de \u00e9sta y la eficiencia de la administraci\u00f3n p\u00fablica.<\/p>\n\n\n\n<p><\/p>\n\n\n\n<p>El profesional fue nombrado, por primera vez, como presidente del TSC en 2022, debido a su amplia trayectoria profesional como abogado y notario de la Rep\u00fablica, con experiencia en derecho p\u00fablico y administraci\u00f3n del Estado.<\/p>\n\n\n\n<p><\/p>\n\n\n\n<p>El proceso de elecci\u00f3n para este cargo es respaldado por la Ley de Servicio Civil, la cual establece que el TSC estar\u00e1 integrado por tres miembros propietarios y por el mismo n\u00famero de suplentes, los cuales deben cumplir con requisitos como: ser salvadore\u00f1o por nacimiento, mayor de edad, tener capacidad t\u00e9cnica para el cargo y ser de honorabilidad y competencia notorias.<\/p>\n\n\n\n<p><\/p>\n\n\n\n<p>Los miembros propietarios y suplentes son nombrados por los tres \u00f3rganos del Estado: uno por la Asamblea Legislativa, otro por el presidente de la Rep\u00fablica y su Consejo de Ministros y el tercero por la Corte Suprema de Justicia.<\/p>\n\n\n\n<p><\/p>\n\n\n\n<p>El jefe de fracci\u00f3n de Nuevas Ideas, Cristian Guevara, destac\u00f3 el trabajo que ha realizado la Comisi\u00f3n Pol\u00edtica en la elecci\u00f3n de funcionarios de segundo grado, en especial al presidente del \u00d3rgano Legislativo, Ernesto Castro, por promover transparencia en estos procesos.<\/p>\n\n\n\n<p>Guevara explic\u00f3 que, actualmente, se les entrega a los diputados que conforman la comisi\u00f3n una hoja con los perfiles de todos los candidatos para que conozcan la idoneidad de los mismos para el cargo.<\/p>\n\n\n\n<p><\/p>\n\n\n\n<p>Adem\u00e1s, las entrevistas a los aspirantes son p\u00fablicas y transmitidas en los medios de comunicaci\u00f3n y todos los partidos pol\u00edticos pueden asistir de forma libre durante las entrevistas a candidatos.<\/p>\n\n\n\n<p>\u201cEn la primera legislatura fuimos testigos cuando se nos entreg\u00f3 un baremo para la elecci\u00f3n de un cargo, eso ya qued\u00f3 en el pasado porque no est\u00e1 sustentado en ninguna parte y era un modelo que se hac\u00eda en las anteriores Asamblea Legislativas\u201d, afirm\u00f3 el diputado.<\/p>\n","protected":false},"excerpt":{"rendered":"<p>El profesional continuar\u00e1 al frente de la entidad que se encarga de regular la carrera administrativa para garantizar una buena relaci\u00f3n entre funcionarios y empleados p\u00fablicos, as\u00ed como la protecci\u00f3n de \u00e9sta y la eficiencia de la administraci\u00f3n p\u00fablica. Con 59 votos, la Asamblea Legislativa decidi\u00f3 que el abogado Franklin Josu\u00e9 Nolasco permanezca en el [&hellip;]<\/p>\n","protected":false},"author":2,"featured_media":24966,"comment_status":"open","ping_status":"open","sticky":false,"template":"","format":"standard","meta":{"tdm_status":"","tdm_grid_status":"","footnotes":""},"categories":[14,4],"tags":[],"class_list":{"0":"post-24965","1":"post","2":"type-post","3":"status-publish","4":"format-standard","5":"has-post-thumbnail","7":"category-destacads","8":"category-elsalvador"},"jetpack_featured_media_url":"https:\/\/www.newsmillenium.com\/wp-content\/uploads\/2025\/06\/portada-1-AL-franklin.jpg","amp_enabled":true,"_links":{"self":[{"href":"https:\/\/www.newsmillenium.com\/index.php\/wp-json\/wp\/v2\/posts\/24965","targetHints":{"allow":["GET"]}}],"collection":[{"href":"https:\/\/www.newsmillenium.com\/index.php\/wp-json\/wp\/v2\/posts"}],"about":[{"href":"https:\/\/www.newsmillenium.com\/index.php\/wp-json\/wp\/v2\/types\/post"}],"author":[{"embeddable":true,"href":"https:\/\/www.newsmillenium.com\/index.php\/wp-json\/wp\/v2\/users\/2"}],"replies":[{"embeddable":true,"href":"https:\/\/www.newsmillenium.com\/index.php\/wp-json\/wp\/v2\/comments?post=24965"}],"version-history":[{"count":1,"href":"https:\/\/www.newsmillenium.com\/index.php\/wp-json\/wp\/v2\/posts\/24965\/revisions"}],"predecessor-version":[{"id":24967,"href":"https:\/\/www.newsmillenium.com\/index.php\/wp-json\/wp\/v2\/posts\/24965\/revisions\/24967"}],"wp:featuredmedia":[{"embeddable":true,"href":"https:\/\/www.newsmillenium.com\/index.php\/wp-json\/wp\/v2\/media\/24966"}],"wp:attachment":[{"href":"https:\/\/www.newsmillenium.com\/index.php\/wp-json\/wp\/v2\/media?parent=24965"}],"wp:term":[{"taxonomy":"category","embeddable":true,"href":"https:\/\/www.newsmillenium.com\/index.php\/wp-json\/wp\/v2\/categories?post=24965"},{"taxonomy":"post_tag","embeddable":true,"href":"https:\/\/www.newsmillenium.com\/index.php\/wp-json\/wp\/v2\/tags?post=24965"}],"curies":[{"name":"wp","href":"https:\/\/api.w.org\/{rel}","templated":true}]}}