{"id":24609,"date":"2025-05-24T06:35:01","date_gmt":"2025-05-24T12:35:01","guid":{"rendered":"https:\/\/www.newsmillenium.com\/?p=24609"},"modified":"2025-05-24T06:35:04","modified_gmt":"2025-05-24T12:35:04","slug":"gobierno-del-presidente-nayib-bukele-renovara-el-100-de-las-escuelas-del-pais-con-el-programa-dos-escuelas-por-dia","status":"publish","type":"post","link":"https:\/\/www.newsmillenium.com\/index.php\/2025\/05\/24\/gobierno-del-presidente-nayib-bukele-renovara-el-100-de-las-escuelas-del-pais-con-el-programa-dos-escuelas-por-dia\/","title":{"rendered":"Gobierno del Presidente Nayib Bukele renovar\u00e1 el 100 % de las escuelas del pa\u00eds con el programa Dos Escuelas por D\u00eda"},"content":{"rendered":"\n<p>El Presidente Nayib Bukele anunci\u00f3 el programa Dos Escuelas por D\u00eda, una iniciativa que busca transformar por completo la infraestructura educativa de El Salvador. El proyecto consiste en la construcci\u00f3n o rehabilitaci\u00f3n de dos centros escolares cada d\u00eda, sin interrupciones, incluyendo fines de semana, feriados e incluso durante fechas especiales como Navidad y A\u00f1o Nuevo.<\/p>\n\n\n\n<p>Esta apuesta hist\u00f3rica por la educaci\u00f3n representa un esfuerzo sin precedentes en el pa\u00eds para garantizar espacios en condiciones \u00f3ptimas para millones de estudiantes.<\/p>\n\n\n\n<p><\/p>\n\n\n\n<p>El mandatario explic\u00f3 que se ha creado la plataforma www.dosescuelasxdia.com, donde la ciudadan\u00eda podr\u00e1 dar seguimiento diario al avance del programa. En esta se publicar\u00e1n los datos espec\u00edficos de cada una de las dos escuelas del d\u00eda, como el monto de inversi\u00f3n, fotograf\u00edas del proceso, la ubicaci\u00f3n, el tiempo estimado de ejecuci\u00f3n, los empleos generados y los beneficiados del proyecto. Con esta herramienta digital, el Gobierno de El Salvador busca asegurar transparencia total en cada obra ejecutada.<\/p>\n\n\n\n<p><\/p>\n\n\n\n<p>\u201cEste es el gobierno que m\u00e1s ha invertido en educaci\u00f3n en la historia de El Salvador. En los cinco a\u00f1os que ya cerramos, el promedio de inversi\u00f3n es de $1,411 millones\u201d, destac\u00f3 el Presidente Bukele.<\/p>\n\n\n\n<figure class=\"wp-block-image size-full\"><img loading=\"lazy\" decoding=\"async\" width=\"550\" height=\"367\" src=\"https:\/\/www.newsmillenium.com\/wp-content\/uploads\/2025\/05\/portada-1-2-dos-escuelas-NB.jpg\" alt=\"\" class=\"wp-image-24611\" srcset=\"https:\/\/www.newsmillenium.com\/wp-content\/uploads\/2025\/05\/portada-1-2-dos-escuelas-NB.jpg 550w, https:\/\/www.newsmillenium.com\/wp-content\/uploads\/2025\/05\/portada-1-2-dos-escuelas-NB-300x200.jpg 300w\" sizes=\"auto, (max-width: 550px) 100vw, 550px\" \/><\/figure>\n\n\n\n<p>El Presidente Bukele anunci\u00f3 que este 22 de mayo se entregan las dos primeras escuelas del programa: el Centro Escolar Cant\u00f3n Santa Clara, en San Luis Talpa, La Paz Oeste, y el Centro Escolar Cant\u00f3n El Zapotal, en Chalatenango Sur. Ambas han sido completamente renovadas y cuentan con modernas instalaciones para atender a estudiantes desde educaci\u00f3n inicial hasta noveno grado.<\/p>\n\n\n\n<p><\/p>\n\n\n\n<p>La inversi\u00f3n en el Centro Escolar Cant\u00f3n Santa Clara ha sido de $3.8 millones, beneficiando a 860 estudiantes y con una \u00e1rea de construcci\u00f3n de 4,439 metros cuadrados. Por su parte, el Centro Escolar Cant\u00f3n El Zapotal cuenta con una inversi\u00f3n de $1.3 millones, destinada a 149 estudiantes.<\/p>\n\n\n\n<p>El Gobierno del Presidente Nayib Bukele ha sido el que m\u00e1s ha invertido en educaci\u00f3n en la historia de El Salvador. \u201cTodos los gobiernos prometieron invertir en educaci\u00f3n m\u00e1s del 4 % del PIB y no lo cumplieron. Nosotros no solo cumplimos esa promesa, hemos invertido el 4.40 % del PIB. Nunca en la historia del pa\u00eds se hab\u00eda llegado ni siquiera al 4%\u201d, a\u00f1adi\u00f3 el mandatario.<\/p>\n","protected":false},"excerpt":{"rendered":"<p>El Presidente Nayib Bukele anunci\u00f3 el programa Dos Escuelas por D\u00eda, una iniciativa que busca transformar por completo la infraestructura educativa de El Salvador. El proyecto consiste en la construcci\u00f3n o rehabilitaci\u00f3n de dos centros escolares cada d\u00eda, sin interrupciones, incluyendo fines de semana, feriados e incluso durante fechas especiales como Navidad y A\u00f1o Nuevo. [&hellip;]<\/p>\n","protected":false},"author":2,"featured_media":24610,"comment_status":"open","ping_status":"open","sticky":false,"template":"","format":"standard","meta":{"tdm_status":"","tdm_grid_status":"","footnotes":""},"categories":[2,4],"tags":[],"class_list":{"0":"post-24609","1":"post","2":"type-post","3":"status-publish","4":"format-standard","5":"has-post-thumbnail","7":"category-featured","8":"category-elsalvador"},"jetpack_featured_media_url":"https:\/\/www.newsmillenium.com\/wp-content\/uploads\/2025\/05\/portada-1-dos-escuelas-NB.jpg","amp_enabled":true,"_links":{"self":[{"href":"https:\/\/www.newsmillenium.com\/index.php\/wp-json\/wp\/v2\/posts\/24609","targetHints":{"allow":["GET"]}}],"collection":[{"href":"https:\/\/www.newsmillenium.com\/index.php\/wp-json\/wp\/v2\/posts"}],"about":[{"href":"https:\/\/www.newsmillenium.com\/index.php\/wp-json\/wp\/v2\/types\/post"}],"author":[{"embeddable":true,"href":"https:\/\/www.newsmillenium.com\/index.php\/wp-json\/wp\/v2\/users\/2"}],"replies":[{"embeddable":true,"href":"https:\/\/www.newsmillenium.com\/index.php\/wp-json\/wp\/v2\/comments?post=24609"}],"version-history":[{"count":1,"href":"https:\/\/www.newsmillenium.com\/index.php\/wp-json\/wp\/v2\/posts\/24609\/revisions"}],"predecessor-version":[{"id":24612,"href":"https:\/\/www.newsmillenium.com\/index.php\/wp-json\/wp\/v2\/posts\/24609\/revisions\/24612"}],"wp:featuredmedia":[{"embeddable":true,"href":"https:\/\/www.newsmillenium.com\/index.php\/wp-json\/wp\/v2\/media\/24610"}],"wp:attachment":[{"href":"https:\/\/www.newsmillenium.com\/index.php\/wp-json\/wp\/v2\/media?parent=24609"}],"wp:term":[{"taxonomy":"category","embeddable":true,"href":"https:\/\/www.newsmillenium.com\/index.php\/wp-json\/wp\/v2\/categories?post=24609"},{"taxonomy":"post_tag","embeddable":true,"href":"https:\/\/www.newsmillenium.com\/index.php\/wp-json\/wp\/v2\/tags?post=24609"}],"curies":[{"name":"wp","href":"https:\/\/api.w.org\/{rel}","templated":true}]}}