{"id":24284,"date":"2025-04-15T06:27:02","date_gmt":"2025-04-15T12:27:02","guid":{"rendered":"https:\/\/www.newsmillenium.com\/?p=24284"},"modified":"2025-04-15T06:27:04","modified_gmt":"2025-04-15T12:27:04","slug":"presidente-nayib-bukele-recibe-reconocimiento-de-su-homologo-donald-trump-por-el-trabajo-en-materia-de-seguridad-y-liderazgo-en-la-region","status":"publish","type":"post","link":"https:\/\/www.newsmillenium.com\/index.php\/2025\/04\/15\/presidente-nayib-bukele-recibe-reconocimiento-de-su-homologo-donald-trump-por-el-trabajo-en-materia-de-seguridad-y-liderazgo-en-la-region\/","title":{"rendered":"Presidente Nayib Bukele recibe reconocimiento de su hom\u00f3logo Donald Trump, por el trabajo en materia de seguridad y liderazgo en la regi\u00f3n"},"content":{"rendered":"\n<p>El Presidente Nayib Bukele sostuvo una importante reuni\u00f3n con su hom\u00f3logo Donald Trump en la Casa Blanca, encuentro que consolida al mandatario salvadore\u00f1o como el principal aliado centroamericano de los Estados Unidos. Esta reuni\u00f3n entre los jefes de Estado marca un hito diplom\u00e1tico que trasciende todo contexto y representa una fase todav\u00eda mayor de visibilidad mundial para la naci\u00f3n salvadore\u00f1a.<\/p>\n\n\n\n<p><\/p>\n\n\n\n<p>La reuni\u00f3n en Washington, confirma al Presidente Bukele como un l\u00edder con influencia hemisf\u00e9rica y reafirma los lazos de cooperaci\u00f3n entre ambos pa\u00edses. La agenda estuvo marcada por la contribuci\u00f3n en seguridad, la inversi\u00f3n extranjera, el combate a las pandillas y al crimen organizado. En todos estos aspectos se evidenci\u00f3 la voluntad de los mandatarios de trabajar en conjunto para soluciones estructurales y sostenibles.<\/p>\n\n\n\n<figure class=\"wp-block-image size-full\"><img loading=\"lazy\" decoding=\"async\" width=\"550\" height=\"374\" src=\"https:\/\/www.newsmillenium.com\/wp-content\/uploads\/2025\/04\/portada-1-3-trum-nayib.jpg\" alt=\"\" class=\"wp-image-24286\" srcset=\"https:\/\/www.newsmillenium.com\/wp-content\/uploads\/2025\/04\/portada-1-3-trum-nayib.jpg 550w, https:\/\/www.newsmillenium.com\/wp-content\/uploads\/2025\/04\/portada-1-3-trum-nayib-300x204.jpg 300w\" sizes=\"auto, (max-width: 550px) 100vw, 550px\" \/><\/figure>\n\n\n\n<p>\u201cEs un honor. Estamos muy contentos y con muchas ganas de ayudar. Sabemos que tienen un problema de delincuencia, un problema de terrorismo con el que necesitan ayuda, se\u00f1or presidente (Trump)\u201d, mencion\u00f3 el Presidente Bukele, durante las declaraciones a la prensa.<\/p>\n\n\n\n<p>En este encuentro la cooperaci\u00f3n bilateral y acuerdos beneficiosos para ambas naciones abarca el abordaje en materia de reducir el flujo migratorio irregular mediante la generaci\u00f3n de empleo y el combate frontal a los grupos criminales que operan en la regi\u00f3n.<\/p>\n\n\n\n<p><\/p>\n\n\n\n<p>\u201cNos est\u00e1s ayudando. Y te lo agradecemos. Gracias. De hecho, lo que est\u00e1n haciendo con la frontera es notable. Ha disminuido, \u00bfqu\u00e9? \u00bfUn 95 %? Es incre\u00edble\u201d, reconoci\u00f3 el mandatario estadounidense.<\/p>\n\n\n\n<p><\/p>\n\n\n\n<p>Ambos jefes de Gobierno mostraron en su di\u00e1logo, un alto grado de inter\u00e9s y coincidencia estrat\u00e9gica en su lucha por brindar seguridad a sus ciudadanos, evidenciando el liderazgo del Presidente Bukele y su capacidad de presentar una visi\u00f3n clara sobre el rumbo de El Salvador en materia de desarrollo, gobernabilidad y generaci\u00f3n de nuevas inversiones.<\/p>\n\n\n\n<figure class=\"wp-block-image size-full\"><img loading=\"lazy\" decoding=\"async\" width=\"550\" height=\"367\" src=\"https:\/\/www.newsmillenium.com\/wp-content\/uploads\/2025\/04\/portada-1-2-trum-nayib.jpg\" alt=\"\" class=\"wp-image-24287\" srcset=\"https:\/\/www.newsmillenium.com\/wp-content\/uploads\/2025\/04\/portada-1-2-trum-nayib.jpg 550w, https:\/\/www.newsmillenium.com\/wp-content\/uploads\/2025\/04\/portada-1-2-trum-nayib-300x200.jpg 300w\" sizes=\"auto, (max-width: 550px) 100vw, 550px\" \/><\/figure>\n","protected":false},"excerpt":{"rendered":"<p>El Presidente Nayib Bukele sostuvo una importante reuni\u00f3n con su hom\u00f3logo Donald Trump en la Casa Blanca, encuentro que consolida al mandatario salvadore\u00f1o como el principal aliado centroamericano de los Estados Unidos. Esta reuni\u00f3n entre los jefes de Estado marca un hito diplom\u00e1tico que trasciende todo contexto y representa una fase todav\u00eda mayor de visibilidad [&hellip;]<\/p>\n","protected":false},"author":2,"featured_media":24285,"comment_status":"open","ping_status":"open","sticky":false,"template":"","format":"standard","meta":{"tdm_status":"","tdm_grid_status":"","footnotes":""},"categories":[2,4],"tags":[],"class_list":{"0":"post-24284","1":"post","2":"type-post","3":"status-publish","4":"format-standard","5":"has-post-thumbnail","7":"category-featured","8":"category-elsalvador"},"jetpack_featured_media_url":"https:\/\/www.newsmillenium.com\/wp-content\/uploads\/2025\/04\/portada-1-trum-nayib.jpg","amp_enabled":true,"_links":{"self":[{"href":"https:\/\/www.newsmillenium.com\/index.php\/wp-json\/wp\/v2\/posts\/24284","targetHints":{"allow":["GET"]}}],"collection":[{"href":"https:\/\/www.newsmillenium.com\/index.php\/wp-json\/wp\/v2\/posts"}],"about":[{"href":"https:\/\/www.newsmillenium.com\/index.php\/wp-json\/wp\/v2\/types\/post"}],"author":[{"embeddable":true,"href":"https:\/\/www.newsmillenium.com\/index.php\/wp-json\/wp\/v2\/users\/2"}],"replies":[{"embeddable":true,"href":"https:\/\/www.newsmillenium.com\/index.php\/wp-json\/wp\/v2\/comments?post=24284"}],"version-history":[{"count":1,"href":"https:\/\/www.newsmillenium.com\/index.php\/wp-json\/wp\/v2\/posts\/24284\/revisions"}],"predecessor-version":[{"id":24288,"href":"https:\/\/www.newsmillenium.com\/index.php\/wp-json\/wp\/v2\/posts\/24284\/revisions\/24288"}],"wp:featuredmedia":[{"embeddable":true,"href":"https:\/\/www.newsmillenium.com\/index.php\/wp-json\/wp\/v2\/media\/24285"}],"wp:attachment":[{"href":"https:\/\/www.newsmillenium.com\/index.php\/wp-json\/wp\/v2\/media?parent=24284"}],"wp:term":[{"taxonomy":"category","embeddable":true,"href":"https:\/\/www.newsmillenium.com\/index.php\/wp-json\/wp\/v2\/categories?post=24284"},{"taxonomy":"post_tag","embeddable":true,"href":"https:\/\/www.newsmillenium.com\/index.php\/wp-json\/wp\/v2\/tags?post=24284"}],"curies":[{"name":"wp","href":"https:\/\/api.w.org\/{rel}","templated":true}]}}