{"id":24104,"date":"2025-04-02T06:48:38","date_gmt":"2025-04-02T12:48:38","guid":{"rendered":"https:\/\/www.newsmillenium.com\/?p=24104"},"modified":"2025-04-02T06:48:40","modified_gmt":"2025-04-02T12:48:40","slug":"inicia-el-tour-el-salvador-2025-con-el-grand-prix-boqueron","status":"publish","type":"post","link":"https:\/\/www.newsmillenium.com\/index.php\/2025\/04\/02\/inicia-el-tour-el-salvador-2025-con-el-grand-prix-boqueron\/","title":{"rendered":"Inicia el Tour El Salvador 2025, con el Grand Prix Boquer\u00f3n"},"content":{"rendered":"\n<p>El Gobierno del Presidente Nayib Bukele ha consolidado a El Salvador como un destino privilegiado para el deporte internacional y en sede de eventos de alto nivel, atrayendo a atletas de diferentes partes del mundo y proyectando al territorio como un referente en organizaci\u00f3n y hospitalidad.<\/p>\n\n\n\n<p><\/p>\n\n\n\n<p>Una muestra de ello es la celebraci\u00f3n del Tour El Salvador 2025, que arranc\u00f3 este 1 de abril y finalizar\u00e1 el 10 . En este importante evento participan 120 atletas de m\u00e1s de 30 nacionalidades, quienes se enfrentan por alcanzar los 4,000 puntos de la Uni\u00f3n Ciclista Internacional (UCI), que est\u00e1n en juego para su r\u00e1nking mundial.<\/p>\n\n\n\n<p><\/p>\n\n\n\n<p>\u201cEste d\u00eda, inici\u00f3 el Tour El Salvador 2025, con el Grand Prix El Boquer\u00f3n, desde el sector de El Principito, vamos hacia calle El Volc\u00e1n y terminaremos en la zona de Las Brumas. Tiene una pendiente bastante pronunciada que representa alguna dificultad, pero tenemos participantes de talla mundial, campeonas del mundo\u201d, manifest\u00f3 el ministro de Obras P\u00fablicas, Romeo Rodr\u00edguez, previo al banderillazo de salida.<\/p>\n\n\n\n<figure class=\"wp-block-image size-full\"><img loading=\"lazy\" decoding=\"async\" width=\"550\" height=\"367\" src=\"https:\/\/www.newsmillenium.com\/wp-content\/uploads\/2025\/04\/portada-1-ciclismo2.jpg\" alt=\"\" class=\"wp-image-24106\" srcset=\"https:\/\/www.newsmillenium.com\/wp-content\/uploads\/2025\/04\/portada-1-ciclismo2.jpg 550w, https:\/\/www.newsmillenium.com\/wp-content\/uploads\/2025\/04\/portada-1-ciclismo2-300x200.jpg 300w\" sizes=\"auto, (max-width: 550px) 100vw, 550px\" \/><\/figure>\n\n\n\n<p>La prueba fue contrarreloj y puso a prueba la resistencia de las competidoras, en un recorrido exigente. Inici\u00f3 a las 9:30 de la ma\u00f1ana y finaliz\u00f3 cerca de las 12:00 del mediod\u00eda, cuando la \u00faltima corredora atraves\u00f3 la l\u00ednea de meta.<\/p>\n\n\n\n<p><\/p>\n\n\n\n<p>Con 32:51 segundos, la suiza Petra Stiasny, del equipo Roland, marc\u00f3 el menor tiempo y se agenci\u00f3 el triunfo de esta primera competencia; la francesa Dilyxine Miermont, de Ceratizit, obtuvo el segundo lugar con 33:34; el tercero se lo llev\u00f3 Coston Morgane, tambi\u00e9n de Roland, con 33:37; mientras que Elena Hartmann, campeona de Tour El Salvador 2024, se qued\u00f3 con el cuarto puesto, con 33:39.<\/p>\n\n\n\n<p><\/p>\n\n\n\n<p>Este es el segundo a\u00f1o consecutivo que El Salvador alberga este evento, que re\u00fane a competidores de \u00e9lite, a quienes ofrece escenarios espectaculares que muestran la riqueza natural y cultural del pa\u00eds. Con carreteras seguras y una excelente log\u00edstica, Tour El Salvador 2025 impulsa el deporte y contribuye a dinamizar la econom\u00eda local, beneficiando a hoteles, restaurantes y otros sectores.<\/p>\n","protected":false},"excerpt":{"rendered":"<p>El Gobierno del Presidente Nayib Bukele ha consolidado a El Salvador como un destino privilegiado para el deporte internacional y en sede de eventos de alto nivel, atrayendo a atletas de diferentes partes del mundo y proyectando al territorio como un referente en organizaci\u00f3n y hospitalidad. Una muestra de ello es la celebraci\u00f3n del Tour [&hellip;]<\/p>\n","protected":false},"author":2,"featured_media":24105,"comment_status":"open","ping_status":"open","sticky":false,"template":"","format":"standard","meta":{"tdm_status":"","tdm_grid_status":"","footnotes":""},"categories":[2],"tags":[],"class_list":{"0":"post-24104","1":"post","2":"type-post","3":"status-publish","4":"format-standard","5":"has-post-thumbnail","7":"category-featured"},"jetpack_featured_media_url":"https:\/\/www.newsmillenium.com\/wp-content\/uploads\/2025\/04\/portada-1-ciclismo1.jpg","amp_enabled":true,"_links":{"self":[{"href":"https:\/\/www.newsmillenium.com\/index.php\/wp-json\/wp\/v2\/posts\/24104","targetHints":{"allow":["GET"]}}],"collection":[{"href":"https:\/\/www.newsmillenium.com\/index.php\/wp-json\/wp\/v2\/posts"}],"about":[{"href":"https:\/\/www.newsmillenium.com\/index.php\/wp-json\/wp\/v2\/types\/post"}],"author":[{"embeddable":true,"href":"https:\/\/www.newsmillenium.com\/index.php\/wp-json\/wp\/v2\/users\/2"}],"replies":[{"embeddable":true,"href":"https:\/\/www.newsmillenium.com\/index.php\/wp-json\/wp\/v2\/comments?post=24104"}],"version-history":[{"count":1,"href":"https:\/\/www.newsmillenium.com\/index.php\/wp-json\/wp\/v2\/posts\/24104\/revisions"}],"predecessor-version":[{"id":24107,"href":"https:\/\/www.newsmillenium.com\/index.php\/wp-json\/wp\/v2\/posts\/24104\/revisions\/24107"}],"wp:featuredmedia":[{"embeddable":true,"href":"https:\/\/www.newsmillenium.com\/index.php\/wp-json\/wp\/v2\/media\/24105"}],"wp:attachment":[{"href":"https:\/\/www.newsmillenium.com\/index.php\/wp-json\/wp\/v2\/media?parent=24104"}],"wp:term":[{"taxonomy":"category","embeddable":true,"href":"https:\/\/www.newsmillenium.com\/index.php\/wp-json\/wp\/v2\/categories?post=24104"},{"taxonomy":"post_tag","embeddable":true,"href":"https:\/\/www.newsmillenium.com\/index.php\/wp-json\/wp\/v2\/tags?post=24104"}],"curies":[{"name":"wp","href":"https:\/\/api.w.org\/{rel}","templated":true}]}}