{"id":23837,"date":"2025-02-28T07:30:59","date_gmt":"2025-02-28T13:30:59","guid":{"rendered":"https:\/\/www.newsmillenium.com\/?p=23837"},"modified":"2025-02-28T07:31:05","modified_gmt":"2025-02-28T13:31:05","slug":"el-salvador-sede-de-el-neon-night-surf-air-show","status":"publish","type":"post","link":"https:\/\/www.newsmillenium.com\/index.php\/2025\/02\/28\/el-salvador-sede-de-el-neon-night-surf-air-show\/","title":{"rendered":"El Salvador sede de el Neon Night Surf Air Show"},"content":{"rendered":"\n<p>El Gobierno del Presidente Nayib Bukele contin\u00faa posicionando a El Salvador como un referente mundial del surf, impulsando el desarrollo tur\u00edstico y dinamizando las econom\u00edas locales en la zona costera. Gracias a este esfuerzo, el pa\u00eds se ha convertido en un destino ideal para la pr\u00e1ctica de este deporte, atrayendo a surfistas de todo el mundo y fortaleciendo la industria tur\u00edstica en las playas salvadore\u00f1as.<\/p>\n\n\n\n<p><\/p>\n\n\n\n<p>En este contexto, la Federaci\u00f3n Salvadore\u00f1a de Surf, con el respaldo del Ministerio de Turismo y el Instituto Nacional de los Deportes de El Salvador (INDES), llevar\u00e1 a cabo el Neon Night Surf Air Show, un espect\u00e1culo sin precedentes que promete emocionar a los amantes de este deporte acu\u00e1tico y atraer a cientos de visitantes.<\/p>\n\n\n\n<p><\/p>\n\n\n\n<p>El evento se realizar\u00e1 este pr\u00f3ximo s\u00e1bado 1 de marzo en la playa Costa del Sol, en el distrito de San Luis La Herradura, en La Paz Centro, y destacar\u00e1 por su innovador formato nocturno, que combinar\u00e1 luces ne\u00f3n y acrobacias en el mar.<\/p>\n\n\n\n<p>\u201cQueremos compartir el compromiso que tenemos de llevar nuestro deporte al siguiente nivel. Eso es posible gracias a la visi\u00f3n del Presidente Bukele, con el proyecto Surf City, que junto a la ministra de Turismo, Morena Valdez, han colocado al surf en los reflectores del mundo\u201d, expres\u00f3 el presidente de la Federaci\u00f3n Salvadore\u00f1a de Surf, Luis Fuentes.<\/p>\n\n\n\n<p><\/p>\n\n\n\n<p>El show nocturno de surfing a\u00e9reo con tabla ne\u00f3n contar\u00e1 con la participaci\u00f3n de los mejores surfistas nacionales, la entrada ser\u00e1 gratuita; habr\u00e1 m\u00fasica, comida y un espect\u00e1culo in\u00e9dito e impresionante dentro del mar.<br>\u201cEl surf se ha convertido en una de las cartas principales de presentaci\u00f3n del pa\u00eds, es momento de consolidar el crecimiento y proyectarnos a\u00fan m\u00e1s alto. Recordemos que El Salvador se ha convertido en referente mundial, queremos fortalecer a\u00fan m\u00e1s nuestro circuito local y seguir atrayendo torneos internacionales que pongan a nuestros atletas en el foco del mundo\u201d, apunt\u00f3 Fuentes.<\/p>\n\n\n\n<p><\/p>\n\n\n\n<p>De esta forma, el Gobierno del Presidente Bukele sigue comprometido con la promoci\u00f3n del surf y otros eventos deportivos internacionales, consolidando al pa\u00eds como un epicentro de turismo y deporte de aventura. Con iniciativas como esta, El Salvador sigue brillando en la escena mundial, atrayendo visitantes y generando oportunidades de desarrollo para las comunidades costeras.<\/p>\n","protected":false},"excerpt":{"rendered":"<p>El Gobierno del Presidente Nayib Bukele contin\u00faa posicionando a El Salvador como un referente mundial del surf, impulsando el desarrollo tur\u00edstico y dinamizando las econom\u00edas locales en la zona costera. Gracias a este esfuerzo, el pa\u00eds se ha convertido en un destino ideal para la pr\u00e1ctica de este deporte, atrayendo a surfistas de todo el [&hellip;]<\/p>\n","protected":false},"author":2,"featured_media":23838,"comment_status":"open","ping_status":"open","sticky":false,"template":"","format":"standard","meta":{"tdm_status":"","tdm_grid_status":"","footnotes":""},"categories":[5],"tags":[],"class_list":{"0":"post-23837","1":"post","2":"type-post","3":"status-publish","4":"format-standard","5":"has-post-thumbnail","7":"category-deportes"},"jetpack_featured_media_url":"https:\/\/www.newsmillenium.com\/wp-content\/uploads\/2025\/02\/portada-1-surf.jpg","amp_enabled":true,"_links":{"self":[{"href":"https:\/\/www.newsmillenium.com\/index.php\/wp-json\/wp\/v2\/posts\/23837","targetHints":{"allow":["GET"]}}],"collection":[{"href":"https:\/\/www.newsmillenium.com\/index.php\/wp-json\/wp\/v2\/posts"}],"about":[{"href":"https:\/\/www.newsmillenium.com\/index.php\/wp-json\/wp\/v2\/types\/post"}],"author":[{"embeddable":true,"href":"https:\/\/www.newsmillenium.com\/index.php\/wp-json\/wp\/v2\/users\/2"}],"replies":[{"embeddable":true,"href":"https:\/\/www.newsmillenium.com\/index.php\/wp-json\/wp\/v2\/comments?post=23837"}],"version-history":[{"count":1,"href":"https:\/\/www.newsmillenium.com\/index.php\/wp-json\/wp\/v2\/posts\/23837\/revisions"}],"predecessor-version":[{"id":23839,"href":"https:\/\/www.newsmillenium.com\/index.php\/wp-json\/wp\/v2\/posts\/23837\/revisions\/23839"}],"wp:featuredmedia":[{"embeddable":true,"href":"https:\/\/www.newsmillenium.com\/index.php\/wp-json\/wp\/v2\/media\/23838"}],"wp:attachment":[{"href":"https:\/\/www.newsmillenium.com\/index.php\/wp-json\/wp\/v2\/media?parent=23837"}],"wp:term":[{"taxonomy":"category","embeddable":true,"href":"https:\/\/www.newsmillenium.com\/index.php\/wp-json\/wp\/v2\/categories?post=23837"},{"taxonomy":"post_tag","embeddable":true,"href":"https:\/\/www.newsmillenium.com\/index.php\/wp-json\/wp\/v2\/tags?post=23837"}],"curies":[{"name":"wp","href":"https:\/\/api.w.org\/{rel}","templated":true}]}}