{"id":2372,"date":"2020-10-03T11:51:13","date_gmt":"2020-10-03T17:51:13","guid":{"rendered":"https:\/\/www.newsmillenium.com\/?p=2372"},"modified":"2020-10-03T11:51:15","modified_gmt":"2020-10-03T17:51:15","slug":"ministra-de-vivienda-y-embajador-de-la-union-europea-entregan-escrituras-de-propiedad","status":"publish","type":"post","link":"https:\/\/www.newsmillenium.com\/index.php\/2020\/10\/03\/ministra-de-vivienda-y-embajador-de-la-union-europea-entregan-escrituras-de-propiedad\/","title":{"rendered":"Ministra de Vivienda y embajador de la Uni\u00f3n Europea entregan escrituras de propiedad"},"content":{"rendered":"\n<p>El Salvador-La\nministra de Vivienda, Michelle Sol, junto al embajador de la Uni\u00f3n Europea en\nEl Salvador, Andreu Bassols, entregaron escrituras de propiedad y viviendas a\nfamilias de 11 cantones del departamento de Usulut\u00e1n con una inversi\u00f3n de $158\nmil.<\/p>\n\n\n\n<p>La ayuda se enmarca\ndentro del Plan de Desarrollo, Protecci\u00f3n e Inclusi\u00f3n Social de El Salvador,\nimpulsada por la Uni\u00f3n Europea, que tiene como objetivo reducir la pobreza y\npromover la inclusi\u00f3n de j\u00f3venes y mujeres.<\/p>\n\n\n\n<p>En total fueron 68 grupos familiares de cinco cantones del municipio de Jucuar\u00e1n y seis m\u00e1s de San Francisco Javier, las beneficiadas. Del total, 31 familias recibieron escrituras de propiedad y las restantes 37 fueron favorecidas con viviendas adecuadas con el apoyo de certificados de contribuci\u00f3n entregados en febrero pasado, destac\u00f3 la ministra Sol.<\/p>\n\n\n\n<figure class=\"wp-block-image size-large\"><img loading=\"lazy\" decoding=\"async\" width=\"480\" height=\"480\" src=\"https:\/\/www.newsmillenium.com\/wp-content\/uploads\/2020\/10\/portada-2-michel-sol-2.jpg\" alt=\"\" class=\"wp-image-2375\" srcset=\"https:\/\/www.newsmillenium.com\/wp-content\/uploads\/2020\/10\/portada-2-michel-sol-2.jpg 480w, https:\/\/www.newsmillenium.com\/wp-content\/uploads\/2020\/10\/portada-2-michel-sol-2-300x300.jpg 300w, https:\/\/www.newsmillenium.com\/wp-content\/uploads\/2020\/10\/portada-2-michel-sol-2-150x150.jpg 150w, https:\/\/www.newsmillenium.com\/wp-content\/uploads\/2020\/10\/portada-2-michel-sol-2-420x420.jpg 420w\" sizes=\"auto, (max-width: 480px) 100vw, 480px\" \/><\/figure>\n\n\n\n<p>\u201cTodo esto es\nposible gracias a los lazos de amistad que tenemos con nuestros cooperantes,\nustedes son beneficiados por un programa con fondos provenientes de la Uni\u00f3n\nEuropea, a quienes agradecemos y externamos nuestro compromiso para seguir\ntrabajando\u201d, dijo la titular de Vivienda en su discurso.<\/p>\n\n\n\n<p>En el proceso de\nlegalizaci\u00f3n, especialistas del Ministerio de Vivienda realizaron una serie de\nestudios jur\u00eddicos, registrales y catastrales, mediciones topogr\u00e1ficas,\nelaboraci\u00f3n y aprobaci\u00f3n de planos e inscripci\u00f3n de cada una de las escrituras.<\/p>\n\n\n\n<p>M\u00e1s de 4,000\nfamilias se han beneficiado con escrituras de propiedad y contribuciones para\nviviendas, durante la gesti\u00f3n del Presidente Nayib Bukele y la ministra\nMichelle Sol, que supera $6.3 millones invertidos en este programa social.<\/p>\n\n\n\n<figure class=\"wp-block-image size-large\"><img loading=\"lazy\" decoding=\"async\" width=\"480\" height=\"480\" src=\"https:\/\/www.newsmillenium.com\/wp-content\/uploads\/2020\/10\/portada-3-3-michel-sol.jpg\" alt=\"\" class=\"wp-image-2374\" srcset=\"https:\/\/www.newsmillenium.com\/wp-content\/uploads\/2020\/10\/portada-3-3-michel-sol.jpg 480w, https:\/\/www.newsmillenium.com\/wp-content\/uploads\/2020\/10\/portada-3-3-michel-sol-300x300.jpg 300w, https:\/\/www.newsmillenium.com\/wp-content\/uploads\/2020\/10\/portada-3-3-michel-sol-150x150.jpg 150w, https:\/\/www.newsmillenium.com\/wp-content\/uploads\/2020\/10\/portada-3-3-michel-sol-420x420.jpg 420w\" sizes=\"auto, (max-width: 480px) 100vw, 480px\" \/><figcaption>Ministra de Vivienda, Michelle Sol <\/figcaption><\/figure>\n","protected":false},"excerpt":{"rendered":"<p>El Salvador-La ministra de Vivienda, Michelle Sol, junto al embajador de la Uni\u00f3n Europea en El Salvador, Andreu Bassols, entregaron escrituras de propiedad y viviendas a familias de 11 cantones del departamento de Usulut\u00e1n con una inversi\u00f3n de $158 mil. La ayuda se enmarca dentro del Plan de Desarrollo, Protecci\u00f3n e Inclusi\u00f3n Social de El [&hellip;]<\/p>\n","protected":false},"author":2,"featured_media":2373,"comment_status":"open","ping_status":"open","sticky":false,"template":"","format":"standard","meta":{"tdm_status":"","tdm_grid_status":"","footnotes":""},"categories":[14,4],"tags":[],"class_list":{"0":"post-2372","1":"post","2":"type-post","3":"status-publish","4":"format-standard","5":"has-post-thumbnail","7":"category-destacads","8":"category-elsalvador"},"jetpack_featured_media_url":"https:\/\/www.newsmillenium.com\/wp-content\/uploads\/2020\/10\/portada-1-michel-sol-1-vivienda.jpg","amp_enabled":true,"_links":{"self":[{"href":"https:\/\/www.newsmillenium.com\/index.php\/wp-json\/wp\/v2\/posts\/2372","targetHints":{"allow":["GET"]}}],"collection":[{"href":"https:\/\/www.newsmillenium.com\/index.php\/wp-json\/wp\/v2\/posts"}],"about":[{"href":"https:\/\/www.newsmillenium.com\/index.php\/wp-json\/wp\/v2\/types\/post"}],"author":[{"embeddable":true,"href":"https:\/\/www.newsmillenium.com\/index.php\/wp-json\/wp\/v2\/users\/2"}],"replies":[{"embeddable":true,"href":"https:\/\/www.newsmillenium.com\/index.php\/wp-json\/wp\/v2\/comments?post=2372"}],"version-history":[{"count":1,"href":"https:\/\/www.newsmillenium.com\/index.php\/wp-json\/wp\/v2\/posts\/2372\/revisions"}],"predecessor-version":[{"id":2376,"href":"https:\/\/www.newsmillenium.com\/index.php\/wp-json\/wp\/v2\/posts\/2372\/revisions\/2376"}],"wp:featuredmedia":[{"embeddable":true,"href":"https:\/\/www.newsmillenium.com\/index.php\/wp-json\/wp\/v2\/media\/2373"}],"wp:attachment":[{"href":"https:\/\/www.newsmillenium.com\/index.php\/wp-json\/wp\/v2\/media?parent=2372"}],"wp:term":[{"taxonomy":"category","embeddable":true,"href":"https:\/\/www.newsmillenium.com\/index.php\/wp-json\/wp\/v2\/categories?post=2372"},{"taxonomy":"post_tag","embeddable":true,"href":"https:\/\/www.newsmillenium.com\/index.php\/wp-json\/wp\/v2\/tags?post=2372"}],"curies":[{"name":"wp","href":"https:\/\/api.w.org\/{rel}","templated":true}]}}