{"id":23712,"date":"2025-02-13T06:30:57","date_gmt":"2025-02-13T12:30:57","guid":{"rendered":"https:\/\/www.newsmillenium.com\/?p=23712"},"modified":"2025-02-13T06:31:00","modified_gmt":"2025-02-13T12:31:00","slug":"gobierno-del-presiente-nayib-bukele-respalda-la-normalizacion-de-la-federacion-salvadorena-de-futbol-y-la-profesionalizacion-del-deporte","status":"publish","type":"post","link":"https:\/\/www.newsmillenium.com\/index.php\/2025\/02\/13\/gobierno-del-presiente-nayib-bukele-respalda-la-normalizacion-de-la-federacion-salvadorena-de-futbol-y-la-profesionalizacion-del-deporte\/","title":{"rendered":"Gobierno del Presiente Nayib Bukele respalda la normalizaci\u00f3n de la Federaci\u00f3n Salvadore\u00f1a de F\u00fatbol y la profesionalizaci\u00f3n del deporte"},"content":{"rendered":"\n<p>El presidente ad honorem del Instituto Nacional de los Deportes (INDES), Yamil Bukele, acompa\u00f1\u00f3 a la Comisi\u00f3n de Regularizaci\u00f3n de la Federaci\u00f3n Salvadore\u00f1a de F\u00fatbol, para informar sobre los resultados de la visita de un equipo de la Federaci\u00f3n Internacional de F\u00fatbol Asociaci\u00f3n (FIFA), con la finalidad de revisar los avances en la elaboraci\u00f3n de los estatutos de su cap\u00edtulo salvadore\u00f1o.<\/p>\n\n\n\n<p><\/p>\n\n\n\n<p>&#8220;Tengo que decirlo de esta manera: nos sentimos muy c\u00f3modos, muy contentos con el trabajo que ha realizado esta nueva comisi\u00f3n, con los avances que se han logrado en tan poco tiempo. Incluso, llama mucho la atenci\u00f3n de eso tan expedito que se ha dado, de ese trabajo tan \u00e1gil&#8221;, destac\u00f3 el presidente Bukele.<\/p>\n\n\n\n<figure class=\"wp-block-image size-full\"><img loading=\"lazy\" decoding=\"async\" width=\"550\" height=\"735\" src=\"https:\/\/www.newsmillenium.com\/wp-content\/uploads\/2025\/02\/portada-1-2-indes-fesfut.jpg\" alt=\"\" class=\"wp-image-23714\" srcset=\"https:\/\/www.newsmillenium.com\/wp-content\/uploads\/2025\/02\/portada-1-2-indes-fesfut.jpg 550w, https:\/\/www.newsmillenium.com\/wp-content\/uploads\/2025\/02\/portada-1-2-indes-fesfut-224x300.jpg 224w, https:\/\/www.newsmillenium.com\/wp-content\/uploads\/2025\/02\/portada-1-2-indes-fesfut-314x420.jpg 314w\" sizes=\"auto, (max-width: 550px) 100vw, 550px\" \/><\/figure>\n\n\n\n<p>Desde el a\u00f1o 2022, la FIFA nombr\u00f3 a la primera Comisi\u00f3n de Regularizaci\u00f3n, quienes deben de homologar los estatutos de la Fesfut con la Ley General de los Deportes; es decir, que los nuevos estatutos que rijan al futbol nacional est\u00e9n en sinton\u00eda con la normativa salvadore\u00f1a; trabajo que el Gobierno del Presidente Bukele ha acompa\u00f1ado y respaldado desde su inicio.<br>&#8220;Estamos muy contentos desde el Gobierno del Presidente Bukele y, desde el Indes, por todo el trabajo que se ha realizado y estoy muy seguro de que, si esto permanece de esta manera, los resultados se ver\u00e1n muy pronto, con grandes noticias para todo el f\u00fatbol de El Salvador&#8221;, a\u00f1adi\u00f3 Bukele.<\/p>\n\n\n\n<p><\/p>\n\n\n\n<p>Junto con el presidente del INDES, en la conferencia de prensa, participaron el presidente de La Uni\u00f3n Centroamericana de F\u00fatbol (UNCAF), Pedro Chaluja, y el presidente de La Comisi\u00f3n Regularizadora de la Federaci\u00f3n Salvadore\u00f1a de F\u00fatbol, Rolando Gonz\u00e1lez, quienes dieron a conocer sobre los avances tras la visita del equipo de la FIFA.<\/p>\n","protected":false},"excerpt":{"rendered":"<p>El presidente ad honorem del Instituto Nacional de los Deportes (INDES), Yamil Bukele, acompa\u00f1\u00f3 a la Comisi\u00f3n de Regularizaci\u00f3n de la Federaci\u00f3n Salvadore\u00f1a de F\u00fatbol, para informar sobre los resultados de la visita de un equipo de la Federaci\u00f3n Internacional de F\u00fatbol Asociaci\u00f3n (FIFA), con la finalidad de revisar los avances en la elaboraci\u00f3n de [&hellip;]<\/p>\n","protected":false},"author":2,"featured_media":23713,"comment_status":"open","ping_status":"open","sticky":false,"template":"","format":"standard","meta":{"tdm_status":"","tdm_grid_status":"","footnotes":""},"categories":[5],"tags":[],"class_list":{"0":"post-23712","1":"post","2":"type-post","3":"status-publish","4":"format-standard","5":"has-post-thumbnail","7":"category-deportes"},"jetpack_featured_media_url":"https:\/\/www.newsmillenium.com\/wp-content\/uploads\/2025\/02\/portada-1-indes-fesfut.jpg","amp_enabled":true,"_links":{"self":[{"href":"https:\/\/www.newsmillenium.com\/index.php\/wp-json\/wp\/v2\/posts\/23712","targetHints":{"allow":["GET"]}}],"collection":[{"href":"https:\/\/www.newsmillenium.com\/index.php\/wp-json\/wp\/v2\/posts"}],"about":[{"href":"https:\/\/www.newsmillenium.com\/index.php\/wp-json\/wp\/v2\/types\/post"}],"author":[{"embeddable":true,"href":"https:\/\/www.newsmillenium.com\/index.php\/wp-json\/wp\/v2\/users\/2"}],"replies":[{"embeddable":true,"href":"https:\/\/www.newsmillenium.com\/index.php\/wp-json\/wp\/v2\/comments?post=23712"}],"version-history":[{"count":1,"href":"https:\/\/www.newsmillenium.com\/index.php\/wp-json\/wp\/v2\/posts\/23712\/revisions"}],"predecessor-version":[{"id":23715,"href":"https:\/\/www.newsmillenium.com\/index.php\/wp-json\/wp\/v2\/posts\/23712\/revisions\/23715"}],"wp:featuredmedia":[{"embeddable":true,"href":"https:\/\/www.newsmillenium.com\/index.php\/wp-json\/wp\/v2\/media\/23713"}],"wp:attachment":[{"href":"https:\/\/www.newsmillenium.com\/index.php\/wp-json\/wp\/v2\/media?parent=23712"}],"wp:term":[{"taxonomy":"category","embeddable":true,"href":"https:\/\/www.newsmillenium.com\/index.php\/wp-json\/wp\/v2\/categories?post=23712"},{"taxonomy":"post_tag","embeddable":true,"href":"https:\/\/www.newsmillenium.com\/index.php\/wp-json\/wp\/v2\/tags?post=23712"}],"curies":[{"name":"wp","href":"https:\/\/api.w.org\/{rel}","templated":true}]}}