{"id":23535,"date":"2025-01-28T06:55:47","date_gmt":"2025-01-28T12:55:47","guid":{"rendered":"https:\/\/www.newsmillenium.com\/?p=23535"},"modified":"2025-01-28T06:55:51","modified_gmt":"2025-01-28T12:55:51","slug":"visa-nombra-nuevo-gerente-general-para-guatemala-honduras-y-el-salvador","status":"publish","type":"post","link":"https:\/\/www.newsmillenium.com\/index.php\/2025\/01\/28\/visa-nombra-nuevo-gerente-general-para-guatemala-honduras-y-el-salvador\/","title":{"rendered":"Visa nombra nuevo Gerente General para Guatemala, Honduras y El Salvador"},"content":{"rendered":"\n<p>Visa anuncia el nombramiento de Juan Pablo Taylor como nuevo Gerente General de Visa para Guatemala, Honduras y El Salvador. Con m\u00e1s de 20 a\u00f1os de experiencia en los sectores de servicios financieros y tecnolog\u00eda, Juan Pablo aportar\u00e1 su vasta experiencia y liderazgo desde la oficina de Visa en Guatemala para continuar impulsando el crecimiento y la innovaci\u00f3n en la regi\u00f3n.<\/p>\n\n\n\n<p><\/p>\n\n\n\n<p>\u201cEl entorno actual en Guatemala, Honduras y El Salvador es altamente propicio para fomentar el desarrollo de tecnolog\u00eda e innovaci\u00f3n. Como empresa global de tecnolog\u00eda de pagos, Visa tiene mucho para aportar en la b\u00fasqueda y definici\u00f3n de soluciones para que consumidores y comercios puedan contar con nuevas formas de pago \u00e1giles, eficientes y seguras\u201d, dijo Taylor. \u201cEl sector se est\u00e1 transformando aceleradamente, y continuaremos trabajando junto a instituciones financieras, emisores, adquirentes, comercios, fintechs reguladores y otros participantes de la industria para crear nuevas soluciones de pagos que impulsen la inclusi\u00f3n digital y financiera en la regi\u00f3n\u201d.<\/p>\n\n\n\n<p><\/p>\n\n\n\n<p>Durante los \u00faltimos siete a\u00f1os, Juan Pablo ha trabajado en Visa, donde se desempe\u00f1\u00f3 como Director Senior de Ventas para Comercios y Adquirentes para el Caribe y Centroam\u00e9rica. En este rol, impuls\u00f3 la penetraci\u00f3n de pagos digitales y gestion\u00f3 asociaciones clave con empresas adquirentes, comercios, fintechs, entre otros, contribuyendo significativamente a la expansi\u00f3n de la aceptaci\u00f3n de pagos.<\/p>\n\n\n\n<p><\/p>\n\n\n\n<p>&#8220;En el Caribe y Centro Am\u00e9rica estamos comprometidos con la innovaci\u00f3n y la excelencia en el desarrollo de soluciones de pago de vanguardia. Juan Pablo ha desempe\u00f1ado un papel fundamental en este esfuerzo, contribuyendo ampliamente a generar alianzas con empresas adquirentes y fintechs facilitando el desarrollo de nuevas soluciones de pago. Su dedicaci\u00f3n y visi\u00f3n ser\u00e1n pilares clave para continuar implementando soluciones comerciales, servicios de valor agregado y tecnolog\u00eda de pagos de vanguardia&#8221;, dijo Jorge Lemus, Vicepresidente Senior de Visa para el Caribe y Centro Am\u00e9rica.<\/p>\n\n\n\n<p><\/p>\n\n\n\n<p>Juan Pablo tambi\u00e9n se desempe\u00f1\u00f3 como L\u00edder de Desarrollo de Negocios en la regi\u00f3n Andina, donde gestion\u00f3 importantes asociaciones de marca compartida en varios pa\u00edses. Previo a su ingreso a Visa ocup\u00f3 roles clave en reconocidas empresas latinoamericanas y europeas. En dichas posiciones, se enfoc\u00f3 en el desarrollo de negocios, la estrategia de ventas y la implementaci\u00f3n de nuevas tecnolog\u00edas para el sector financiero.<\/p>\n","protected":false},"excerpt":{"rendered":"<p>Visa anuncia el nombramiento de Juan Pablo Taylor como nuevo Gerente General de Visa para Guatemala, Honduras y El Salvador. Con m\u00e1s de 20 a\u00f1os de experiencia en los sectores de servicios financieros y tecnolog\u00eda, Juan Pablo aportar\u00e1 su vasta experiencia y liderazgo desde la oficina de Visa en Guatemala para continuar impulsando el crecimiento [&hellip;]<\/p>\n","protected":false},"author":2,"featured_media":23536,"comment_status":"open","ping_status":"open","sticky":false,"template":"","format":"standard","meta":{"tdm_status":"","tdm_grid_status":"","footnotes":""},"categories":[17],"tags":[],"class_list":{"0":"post-23535","1":"post","2":"type-post","3":"status-publish","4":"format-standard","5":"has-post-thumbnail","7":"category-excelencia-empresarial"},"jetpack_featured_media_url":"https:\/\/www.newsmillenium.com\/wp-content\/uploads\/2025\/01\/portada-1-visa-2.jpg","amp_enabled":true,"_links":{"self":[{"href":"https:\/\/www.newsmillenium.com\/index.php\/wp-json\/wp\/v2\/posts\/23535","targetHints":{"allow":["GET"]}}],"collection":[{"href":"https:\/\/www.newsmillenium.com\/index.php\/wp-json\/wp\/v2\/posts"}],"about":[{"href":"https:\/\/www.newsmillenium.com\/index.php\/wp-json\/wp\/v2\/types\/post"}],"author":[{"embeddable":true,"href":"https:\/\/www.newsmillenium.com\/index.php\/wp-json\/wp\/v2\/users\/2"}],"replies":[{"embeddable":true,"href":"https:\/\/www.newsmillenium.com\/index.php\/wp-json\/wp\/v2\/comments?post=23535"}],"version-history":[{"count":1,"href":"https:\/\/www.newsmillenium.com\/index.php\/wp-json\/wp\/v2\/posts\/23535\/revisions"}],"predecessor-version":[{"id":23537,"href":"https:\/\/www.newsmillenium.com\/index.php\/wp-json\/wp\/v2\/posts\/23535\/revisions\/23537"}],"wp:featuredmedia":[{"embeddable":true,"href":"https:\/\/www.newsmillenium.com\/index.php\/wp-json\/wp\/v2\/media\/23536"}],"wp:attachment":[{"href":"https:\/\/www.newsmillenium.com\/index.php\/wp-json\/wp\/v2\/media?parent=23535"}],"wp:term":[{"taxonomy":"category","embeddable":true,"href":"https:\/\/www.newsmillenium.com\/index.php\/wp-json\/wp\/v2\/categories?post=23535"},{"taxonomy":"post_tag","embeddable":true,"href":"https:\/\/www.newsmillenium.com\/index.php\/wp-json\/wp\/v2\/tags?post=23535"}],"curies":[{"name":"wp","href":"https:\/\/api.w.org\/{rel}","templated":true}]}}