{"id":2351,"date":"2020-10-01T12:11:47","date_gmt":"2020-10-01T18:11:47","guid":{"rendered":"https:\/\/www.newsmillenium.com\/?p=2351"},"modified":"2020-10-01T12:11:50","modified_gmt":"2020-10-01T18:11:50","slug":"alcalde-inaugura-el-mes-de-la-lucha-contra-el-cancer-de-mama-e-ilumina","status":"publish","type":"post","link":"https:\/\/www.newsmillenium.com\/index.php\/2020\/10\/01\/alcalde-inaugura-el-mes-de-la-lucha-contra-el-cancer-de-mama-e-ilumina\/","title":{"rendered":"Alcalde inaugura el mes de la lucha contra el c\u00e1ncer de mama e ilumina"},"content":{"rendered":"\n<p>El alcalde de San Salvador, Ernesto Muyshondt, inaugur\u00f3 el mes en el que\nse hace conciencia sobre la lucha contra el c\u00e1ncer de mama, una enfermedad que\nafecta a gran n\u00famero de mujeres en todo el mundo. <\/p>\n\n\n\n<p>Como acto simb\u00f3lico y durante todo el mes de octubre, el monumento al\nDivino Salvador del Mundo permanecer\u00e1 iluminado de rosa, color que simboliza la\nlucha contra este padecimiento y que tiene como objetivo hacer un llamado a\ndetectarlo de forma temprana para que su tratamiento sea efectivo.<\/p>\n\n\n\n<p>Adem\u00e1s, Muyshondt destac\u00f3 el importante papel que desempe\u00f1a la\nSecretar\u00eda de Mujer y Familia, de la Alcald\u00eda de San Salvador, en conjunto con\nFUNDACTUAR y su programa \u201cChequeo Rosa\u201d para que mujeres capitalinas puedan\ntomarse mamograf\u00edas, al mismo tiempo que se fomenta la cultura de prevenci\u00f3n en\nla lucha contra el c\u00e1ncer.<\/p>\n","protected":false},"excerpt":{"rendered":"<p>El alcalde de San Salvador, Ernesto Muyshondt, inaugur\u00f3 el mes en el que se hace conciencia sobre la lucha contra el c\u00e1ncer de mama, una enfermedad que afecta a gran n\u00famero de mujeres en todo el mundo. Como acto simb\u00f3lico y durante todo el mes de octubre, el monumento al Divino Salvador del Mundo permanecer\u00e1 [&hellip;]<\/p>\n","protected":false},"author":2,"featured_media":2352,"comment_status":"open","ping_status":"open","sticky":false,"template":"","format":"standard","meta":{"tdm_status":"","tdm_grid_status":"","footnotes":""},"categories":[4],"tags":[],"class_list":{"0":"post-2351","1":"post","2":"type-post","3":"status-publish","4":"format-standard","5":"has-post-thumbnail","7":"category-elsalvador"},"jetpack_featured_media_url":"https:\/\/www.newsmillenium.com\/wp-content\/uploads\/2020\/10\/portada-1-alcalde-inaugura-mes-del-cancer.jpg","amp_enabled":true,"_links":{"self":[{"href":"https:\/\/www.newsmillenium.com\/index.php\/wp-json\/wp\/v2\/posts\/2351","targetHints":{"allow":["GET"]}}],"collection":[{"href":"https:\/\/www.newsmillenium.com\/index.php\/wp-json\/wp\/v2\/posts"}],"about":[{"href":"https:\/\/www.newsmillenium.com\/index.php\/wp-json\/wp\/v2\/types\/post"}],"author":[{"embeddable":true,"href":"https:\/\/www.newsmillenium.com\/index.php\/wp-json\/wp\/v2\/users\/2"}],"replies":[{"embeddable":true,"href":"https:\/\/www.newsmillenium.com\/index.php\/wp-json\/wp\/v2\/comments?post=2351"}],"version-history":[{"count":1,"href":"https:\/\/www.newsmillenium.com\/index.php\/wp-json\/wp\/v2\/posts\/2351\/revisions"}],"predecessor-version":[{"id":2353,"href":"https:\/\/www.newsmillenium.com\/index.php\/wp-json\/wp\/v2\/posts\/2351\/revisions\/2353"}],"wp:featuredmedia":[{"embeddable":true,"href":"https:\/\/www.newsmillenium.com\/index.php\/wp-json\/wp\/v2\/media\/2352"}],"wp:attachment":[{"href":"https:\/\/www.newsmillenium.com\/index.php\/wp-json\/wp\/v2\/media?parent=2351"}],"wp:term":[{"taxonomy":"category","embeddable":true,"href":"https:\/\/www.newsmillenium.com\/index.php\/wp-json\/wp\/v2\/categories?post=2351"},{"taxonomy":"post_tag","embeddable":true,"href":"https:\/\/www.newsmillenium.com\/index.php\/wp-json\/wp\/v2\/tags?post=2351"}],"curies":[{"name":"wp","href":"https:\/\/api.w.org\/{rel}","templated":true}]}}