{"id":23176,"date":"2024-12-18T07:11:56","date_gmt":"2024-12-18T13:11:56","guid":{"rendered":"https:\/\/www.newsmillenium.com\/?p=23176"},"modified":"2024-12-18T07:12:05","modified_gmt":"2024-12-18T13:12:05","slug":"asamblea-aprueba-presupuesto-financiado-para-ejercicio-fiscal-2025","status":"publish","type":"post","link":"https:\/\/www.newsmillenium.com\/index.php\/2024\/12\/18\/asamblea-aprueba-presupuesto-financiado-para-ejercicio-fiscal-2025\/","title":{"rendered":"Asamblea aprueba presupuesto financiado para ejercicio fiscal 2025"},"content":{"rendered":"\n<p>El monto que se requiere para el pr\u00f3ximo a\u00f1o asciende a $9,663 millones y es el primer presupuesto completamente financiado en d\u00e9cadas. Los ejes prioritarios para el Gobierno ser\u00e1n salud, educaci\u00f3n y seguridad.<\/p>\n\n\n\n<p><\/p>\n\n\n\n<p>Con 57 votos, la Asamblea Legislativa aprob\u00f3 la Ley de Presupuesto General del Estado y de Presupuestos Especiales para el Ejercicio Fiscal 2025, as\u00ed como el Proyecto de Ley de Salarios.<\/p>\n\n\n\n<p>El monto requerido para el pr\u00f3ximo ejercicio fiscal asciende a $9,663 millones y es el primer presupuesto completamente financiado en d\u00e9cadas.<\/p>\n\n\n\n<p><\/p>\n\n\n\n<p>El Gobierno le dar\u00e1 prioridad a la educaci\u00f3n, salud y seguridad. La primera cartera de Estado tendr\u00e1 una asignaci\u00f3n de $1,535.8 millones; la segunda $1,170.4 millones y la \u00faltima $903.4 millones, que suman $3,609.6 millones (37 % del presupuesto) y representa el 9.6 % del Producto Interno Bruto (PIB).<\/p>\n\n\n\n<p>Con estos recursos el Ministerio de Educaci\u00f3n ejecutar\u00e1 proyectos relacionados con la Ley Crecer Juntos Para la Protecci\u00f3n Integral de la Primera Infancia, Ni\u00f1ez y Adolescencia y el programa Mi Nueva Escuela. Los fondos tambi\u00e9n garantizar\u00e1n el funcionamiento del Consejo Nacional de la Primera Infancia, Ni\u00f1ez y Adolescencia, el Instituto Crecer Juntos y el Programa de la Primera Infancia.<\/p>\n\n\n\n<p><\/p>\n\n\n\n<p>En el \u00e1rea de salud se fortalecer\u00e1 la atenci\u00f3n al Programa Creciendo Saludables Juntos, Desarrollo Integral de la Primera Infancia y al Programa Integrado de Salud. Asimismo, se destinaron fondos para el mejoramiento de infraestructura y equipamiento de la red nacional de hospitales y unidades de salud. Tambi\u00e9n se fortalecer\u00e1 el sistema de emergencias m\u00e9dicas para ampliar la cobertura a nivel nacional.<\/p>\n\n\n\n<p>Durante tres meses, los diputados de la Comisi\u00f3n de Hacienda y Especial del Presupuesto realizaron un proceso de consulta y an\u00e1lisis con los titulares de las distintas carteras de Estado para que justificaran el uso que se le dar\u00e1n a los fondos.<\/p>\n\n\n\n<p><\/p>\n\n\n\n<p><strong>Escalafones de Salud y Educaci\u00f3n<\/strong><\/p>\n\n\n\n<p><\/p>\n\n\n\n<p>En el presupuesto general se ha contemplado una incorporaci\u00f3n de $8 millones al ramo de Salud que servir\u00e1 para el pago de escalafones para el personal que tenga un salario de hasta $1,500.<\/p>\n\n\n\n<p>A la cartera de Educaci\u00f3n se le incorporaron $2 millones para el pago del mismo beneficio al personal educativo, conforme a los establecido en la Ley General de Educaci\u00f3n y la Ley de la carrera docente.<\/p>\n\n\n\n<p><\/p>\n\n\n\n<p>Brecha presupuestaria 2025<\/p>\n\n\n\n<p>En el Gobierno del presidente Bukele la brecha presupuestaria ha disminuido. En 2019, al inicio de su primer mandato, esta brecha ascend\u00eda a $1,200 millones, un a\u00f1o despu\u00e9s se redujo a $645 millones y en 2022 fue de $496 millones.<\/p>\n\n\n\n<p><\/p>\n\n\n\n<p>En 2023 este monto disminuy\u00f3 a $472 millones y para este a\u00f1o baj\u00f3 a $338 millones, lo que represent\u00f3 una reducci\u00f3n de 28.32 %.<\/p>\n\n\n\n<p>En 2025, de acuerdo al Gobierno, la brecha ser\u00e1 de cero d\u00f3lares.<\/p>\n\n\n\n<p>Otras instituciones del Estado<\/p>\n\n\n\n<p>Obras P\u00fablicas<\/p>\n\n\n\n<p><\/p>\n\n\n\n<p>El presupuesto de esta instituci\u00f3n ser\u00e1 de $724,749, 632. El 96 % estar\u00e1 destinado a la inversi\u00f3n p\u00fablica para obras y proyectos, y m\u00e1s de la mitad ir\u00e1 orientado a infraestructura.<\/p>\n\n\n\n<p>Se ejecutar\u00e1n proyectos como la continuidad de la construcci\u00f3n del viaducto y ampliaci\u00f3n de la carretera Los Chorros, el Bypass de Apopa y la reconstrucci\u00f3n del mercado municipal de Santa Ana y municipios aleda\u00f1os.<\/p>\n\n\n\n<p><\/p>\n\n\n\n<p>Asimismo, se construir\u00e1 el Puente General Manuel Jos\u00e9 Arce, el Parque Metropolitano en el barrio San Jacinto y se pondr\u00e1 en marcha el programa de Caminos Rurales Progresivos y Mejoramiento de Caminos.<\/p>\n\n\n\n<p>En el pr\u00f3ximo ejercicio fiscal, tambi\u00e9n se le dar\u00e1 continuidad a la construcci\u00f3n de Centros Urbanos de Bienestar y Oportunidades (CUBO) en distritos priorizados a nivel nacional y al perif\u00e9rico en la ciudad de San Miguel.<\/p>\n\n\n\n<p><\/p>\n\n\n\n<p>Ministerio de Econom\u00eda<\/p>\n\n\n\n<p><\/p>\n\n\n\n<p>El Ministerio de Econom\u00eda tendr\u00e1 un presupuesto de $75,210,044 para cumplir sus metas y objetivos.<\/p>\n\n\n\n<p>Uno de los proyectos permitir\u00e1 darle continuidad a la simplificaci\u00f3n y digitalizaci\u00f3n de tr\u00e1mites por medio de la tecnolog\u00eda, tambi\u00e9n se orientar\u00e1n recursos a la ejecuci\u00f3n del Programa de Facilitaci\u00f3n, Promoci\u00f3n y Atracci\u00f3n de las Inversiones para la Generaci\u00f3n de Empleo.<\/p>\n\n\n\n<p>Asimismo, se ejecutar\u00e1 el Programa de Mejora de la Digitalizaci\u00f3n del Control Aduanero en El Salvador y se invertir\u00e1 en la promoci\u00f3n de oportunidades de emprendimiento.<\/p>\n\n\n\n<p><\/p>\n\n\n\n<p>Ministerio de Turismo<\/p>\n\n\n\n<p><\/p>\n\n\n\n<p>Esta cartera de Estado tendr\u00e1 $49,897,214,00 para su funcionamiento. Del total de fondos $22,583,277 se destinar\u00e1n al Ministerio de Turismo, $16,142,601 para Corporaci\u00f3n Salvadore\u00f1a de Turismo, $9,341,010 para el Instituto Salvadore\u00f1o de Turismo y $1,830,000 para la Autoridad de Planificaci\u00f3n del Centro Hist\u00f3rico de San Salvador.<\/p>\n\n\n\n<p>Con el dinero se desarrollar\u00e1n varios proyectos de infraestructura p\u00fablica, como la construcci\u00f3n de malecones ecol\u00f3gicos para promover la sostenibilidad ambiental, corredores tur\u00edsticos y ciclov\u00edas en playas, miradores tur\u00edsticos, modernizar el sistema de se\u00f1al\u00e9tica para destinos tur\u00edsticos, dise\u00f1o de sistema de saneamiento agua potable en destinos tur\u00edsticos priorizados.<\/p>\n\n\n\n<p>Los recursos tambi\u00e9n se usar\u00e1n para mejorar el talento humano del sector a trav\u00e9s de programas de capacitaci\u00f3n en idiomas para mejorar la atenci\u00f3n al turista internacional, fortalecimiento de habilidades blandas, formaci\u00f3n en innovaci\u00f3n tecnol\u00f3gica, entre otros.<\/p>\n","protected":false},"excerpt":{"rendered":"<p>El monto que se requiere para el pr\u00f3ximo a\u00f1o asciende a $9,663 millones y es el primer presupuesto completamente financiado en d\u00e9cadas. Los ejes prioritarios para el Gobierno ser\u00e1n salud, educaci\u00f3n y seguridad. Con 57 votos, la Asamblea Legislativa aprob\u00f3 la Ley de Presupuesto General del Estado y de Presupuestos Especiales para el Ejercicio Fiscal [&hellip;]<\/p>\n","protected":false},"author":2,"featured_media":23177,"comment_status":"open","ping_status":"open","sticky":false,"template":"","format":"standard","meta":{"tdm_status":"","tdm_grid_status":"","footnotes":""},"categories":[14,4],"tags":[],"class_list":{"0":"post-23176","1":"post","2":"type-post","3":"status-publish","4":"format-standard","5":"has-post-thumbnail","7":"category-destacads","8":"category-elsalvador"},"jetpack_featured_media_url":"https:\/\/www.newsmillenium.com\/wp-content\/uploads\/2024\/12\/portada-1-presupuesto-nacion.jpg","amp_enabled":true,"_links":{"self":[{"href":"https:\/\/www.newsmillenium.com\/index.php\/wp-json\/wp\/v2\/posts\/23176","targetHints":{"allow":["GET"]}}],"collection":[{"href":"https:\/\/www.newsmillenium.com\/index.php\/wp-json\/wp\/v2\/posts"}],"about":[{"href":"https:\/\/www.newsmillenium.com\/index.php\/wp-json\/wp\/v2\/types\/post"}],"author":[{"embeddable":true,"href":"https:\/\/www.newsmillenium.com\/index.php\/wp-json\/wp\/v2\/users\/2"}],"replies":[{"embeddable":true,"href":"https:\/\/www.newsmillenium.com\/index.php\/wp-json\/wp\/v2\/comments?post=23176"}],"version-history":[{"count":1,"href":"https:\/\/www.newsmillenium.com\/index.php\/wp-json\/wp\/v2\/posts\/23176\/revisions"}],"predecessor-version":[{"id":23178,"href":"https:\/\/www.newsmillenium.com\/index.php\/wp-json\/wp\/v2\/posts\/23176\/revisions\/23178"}],"wp:featuredmedia":[{"embeddable":true,"href":"https:\/\/www.newsmillenium.com\/index.php\/wp-json\/wp\/v2\/media\/23177"}],"wp:attachment":[{"href":"https:\/\/www.newsmillenium.com\/index.php\/wp-json\/wp\/v2\/media?parent=23176"}],"wp:term":[{"taxonomy":"category","embeddable":true,"href":"https:\/\/www.newsmillenium.com\/index.php\/wp-json\/wp\/v2\/categories?post=23176"},{"taxonomy":"post_tag","embeddable":true,"href":"https:\/\/www.newsmillenium.com\/index.php\/wp-json\/wp\/v2\/tags?post=23176"}],"curies":[{"name":"wp","href":"https:\/\/api.w.org\/{rel}","templated":true}]}}