{"id":22880,"date":"2024-11-22T07:05:26","date_gmt":"2024-11-22T13:05:26","guid":{"rendered":"https:\/\/www.newsmillenium.com\/?p=22880"},"modified":"2024-11-22T07:05:28","modified_gmt":"2024-11-22T13:05:28","slug":"andrea-del-valle-figura-emergente-de-la-gimnasia-artistica","status":"publish","type":"post","link":"https:\/\/www.newsmillenium.com\/index.php\/2024\/11\/22\/andrea-del-valle-figura-emergente-de-la-gimnasia-artistica\/","title":{"rendered":"Andrea del Valle, figura emergente de la gimnasia art\u00edstica"},"content":{"rendered":"\n<p>Esfuerzo, disciplina y dedicaci\u00f3n marcan la trayectoria deportiva de Andrea Sof\u00eda del Valle, quien se ha convertido en una de las figuras emergentes de la gimnasia art\u00edstica salvadore\u00f1a. Con 10 a\u00f1os de edad, en su palmar\u00e9s destaca el t\u00edtulo de campeona centroamericana.<\/p>\n\n\n\n<p><\/p>\n\n\n\n<p>Andrea Sof\u00eda gan\u00f3 cuatro medallas de oro y dos bronces durante su reciente participaci\u00f3n en el Campeonato Centroamericano de Gimnasia en Guatemala, que se desarroll\u00f3 del 6 al 10 de noviembre, donde compiti\u00f3 contra 21 atletas procedentes de siete pa\u00edses.<\/p>\n\n\n\n<p>La atleta del Programa de Desarrollo Esperanzas Panamericanas (UPAG 1), categor\u00eda 9-10 a\u00f1os, destac\u00f3 en territorio guatemalteco con sendos oros en la prueba de salto, viga, all around y por equipo. La gimnasta nacional tambi\u00e9n logr\u00f3 presea de bronce en barra asim\u00e9trica y piso.<\/p>\n\n\n\n<p>La cosecha de medallas y elogios para Andrea continu\u00f3 el fin de semana pasado con los cuatro oros y una plata en el Festival y Campeonato Nacional de Gimnasia Art\u00edstica 2024, desarrollado en las instalaciones de la Federaci\u00f3n Salvadore\u00f1a de Gimnasia.<\/p>\n\n\n\n<p>Las preseas doradas de Andrea fueron en salto, barra asim\u00e9trica, viga y all around, mientras que el metal plateado lo gan\u00f3 en piso.<\/p>\n\n\n\n<figure class=\"wp-block-image size-full\"><img loading=\"lazy\" decoding=\"async\" width=\"550\" height=\"377\" src=\"https:\/\/www.newsmillenium.com\/wp-content\/uploads\/2024\/11\/portada-2-Atleta-de-Gimnasia-20112024_13.jpg\" alt=\"\" class=\"wp-image-22882\" srcset=\"https:\/\/www.newsmillenium.com\/wp-content\/uploads\/2024\/11\/portada-2-Atleta-de-Gimnasia-20112024_13.jpg 550w, https:\/\/www.newsmillenium.com\/wp-content\/uploads\/2024\/11\/portada-2-Atleta-de-Gimnasia-20112024_13-300x206.jpg 300w, https:\/\/www.newsmillenium.com\/wp-content\/uploads\/2024\/11\/portada-2-Atleta-de-Gimnasia-20112024_13-218x150.jpg 218w, https:\/\/www.newsmillenium.com\/wp-content\/uploads\/2024\/11\/portada-2-Atleta-de-Gimnasia-20112024_13-100x70.jpg 100w\" sizes=\"auto, (max-width: 550px) 100vw, 550px\" \/><\/figure>\n\n\n\n<p>Como parte de su plan de trabajo, esta semana, Andrea se sum\u00f3 a los entrenamientos con la selecci\u00f3n de gimnasia art\u00edstica de Guatemala y recibe conocimientos t\u00e9cnicos de los entrenadores rumanos Adrian Boboc y su esposa Elena, en las instalaciones de la Federaci\u00f3n Salvadore\u00f1a de Gimnasia (FSG) en el Complejo Deportivo de Merliot.<\/p>\n\n\n\n<p>La rutina de Andrea Sof\u00eda comienza desde antes de las 6:00 de la ma\u00f1ana cuando se levanta, desayuna y sale de casa con su padre Andr\u00e9s del Valle para llegar puntual a su pr\u00e1ctica en el Complejo Deportivo Merliot.<\/p>\n\n\n\n<p>Paralelo a la gimnasia, Andrea curs\u00f3 cuarto grado en Christian Light Education v\u00eda Homeschool de 12.00 a 2:00 p.m., luego toma el respectivo descanso hasta su segundo entrenamiento de 4:00 en adelante.<\/p>\n\n\n\n<p><\/p>\n\n\n\n<p>Su fascinaci\u00f3n por la gimnasia comenz\u00f3 hace cinco a\u00f1os en tiempos de la pandemia COVID-19.<\/p>\n\n\n\n<p>&#8220;Cuando ten\u00eda cinco a\u00f1os mi pap\u00e1 me hab\u00eda hecho unas anillas en la casa, me colgaba en ellas, pero una amiga le dijo que me llevar\u00e1 a hacer gimnasia. Me encanta la gimnasia, quer\u00eda probar los aparatos y el salto es mi favorito. Me siento muy bien que mi padre me acompa\u00f1e a todos mis entrenos. La gimnasia significa mucho para m\u00ed y me gustar\u00eda ser campeona ol\u00edmpica\u201d, explic\u00f3.<\/p>\n\n\n\n<p>Andrea tambi\u00e9n cumple con un plan de nutrici\u00f3n y recibe su sesi\u00f3n de fisioterapias para el fortalecimiento f\u00edsico en la cl\u00ednica del Departamento de Ciencias Aplicadas del INDES.<\/p>\n\n\n\n<p>La entrenadora Wendy de \u00c1guila destac\u00f3 que Andrea empez\u00f3 en UPAG 1 como subcampeona y lo finalizar\u00e1 como campeona centroamericana.<\/p>\n\n\n\n<p><\/p>\n\n\n\n<p>\u201cEstoy agradecida con mi entrenadora, me entrena super bien y estos logros tambi\u00e9n se los dedico a ella. Sigan so\u00f1ando que todo es posible en cualquier deporte que practican\u201d, expres\u00f3 la atleta que tiene como uno de sus pasatiempos dibujar, colorear y le encanta la comida cubana.<\/p>\n\n\n\n<p>Wendy de \u00c1guila entrena a Andrea del Valle desde 2022 y destac\u00f3 que desde Emilia &#8220;Bibi&#8221; Mel\u00e9ndez, una de las mejores gimnastas en la d\u00e9cada pasada en rama art\u00edstica, no ve\u00eda una atleta con este talento y proyecci\u00f3n.<\/p>\n","protected":false},"excerpt":{"rendered":"<p>Esfuerzo, disciplina y dedicaci\u00f3n marcan la trayectoria deportiva de Andrea Sof\u00eda del Valle, quien se ha convertido en una de las figuras emergentes de la gimnasia art\u00edstica salvadore\u00f1a. Con 10 a\u00f1os de edad, en su palmar\u00e9s destaca el t\u00edtulo de campeona centroamericana. Andrea Sof\u00eda gan\u00f3 cuatro medallas de oro y dos bronces durante su reciente [&hellip;]<\/p>\n","protected":false},"author":2,"featured_media":22881,"comment_status":"open","ping_status":"open","sticky":false,"template":"","format":"standard","meta":{"tdm_status":"","tdm_grid_status":"","footnotes":""},"categories":[5],"tags":[],"class_list":{"0":"post-22880","1":"post","2":"type-post","3":"status-publish","4":"format-standard","5":"has-post-thumbnail","7":"category-deportes"},"jetpack_featured_media_url":"https:\/\/www.newsmillenium.com\/wp-content\/uploads\/2024\/11\/portada-1-Atleta-de-Gimnasia-20112024_11.jpg","amp_enabled":true,"_links":{"self":[{"href":"https:\/\/www.newsmillenium.com\/index.php\/wp-json\/wp\/v2\/posts\/22880","targetHints":{"allow":["GET"]}}],"collection":[{"href":"https:\/\/www.newsmillenium.com\/index.php\/wp-json\/wp\/v2\/posts"}],"about":[{"href":"https:\/\/www.newsmillenium.com\/index.php\/wp-json\/wp\/v2\/types\/post"}],"author":[{"embeddable":true,"href":"https:\/\/www.newsmillenium.com\/index.php\/wp-json\/wp\/v2\/users\/2"}],"replies":[{"embeddable":true,"href":"https:\/\/www.newsmillenium.com\/index.php\/wp-json\/wp\/v2\/comments?post=22880"}],"version-history":[{"count":1,"href":"https:\/\/www.newsmillenium.com\/index.php\/wp-json\/wp\/v2\/posts\/22880\/revisions"}],"predecessor-version":[{"id":22883,"href":"https:\/\/www.newsmillenium.com\/index.php\/wp-json\/wp\/v2\/posts\/22880\/revisions\/22883"}],"wp:featuredmedia":[{"embeddable":true,"href":"https:\/\/www.newsmillenium.com\/index.php\/wp-json\/wp\/v2\/media\/22881"}],"wp:attachment":[{"href":"https:\/\/www.newsmillenium.com\/index.php\/wp-json\/wp\/v2\/media?parent=22880"}],"wp:term":[{"taxonomy":"category","embeddable":true,"href":"https:\/\/www.newsmillenium.com\/index.php\/wp-json\/wp\/v2\/categories?post=22880"},{"taxonomy":"post_tag","embeddable":true,"href":"https:\/\/www.newsmillenium.com\/index.php\/wp-json\/wp\/v2\/tags?post=22880"}],"curies":[{"name":"wp","href":"https:\/\/api.w.org\/{rel}","templated":true}]}}