{"id":22180,"date":"2024-09-27T06:53:05","date_gmt":"2024-09-27T12:53:05","guid":{"rendered":"https:\/\/www.newsmillenium.com\/?p=22180"},"modified":"2024-09-27T06:53:08","modified_gmt":"2024-09-27T12:53:08","slug":"este-es-un-evento-grande-y-especial-el-famoso-hernandez","status":"publish","type":"post","link":"https:\/\/www.newsmillenium.com\/index.php\/2024\/09\/27\/este-es-un-evento-grande-y-especial-el-famoso-hernandez\/","title":{"rendered":"Este es un evento grande y especial: \u201cEl Famoso\u201d Hern\u00e1ndez"},"content":{"rendered":"\n<p>La Noche de Campeones est\u00e1 a la vuelta de la esquina y, sin duda, es un evento que ha levantado muchas expectativas ya que es la primera velada de talla semi profesional que organiza la Federaci\u00f3n Salvadore\u00f1a de Boxeo (Fesalbox).<\/p>\n\n\n\n<p><\/p>\n\n\n\n<p>Y una leyenda del boxeo salvadore\u00f1o que no quiso perderse esta velada box\u00edstica es Carlos \u201cEl Famoso\u201d Hern\u00e1ndez, ex campe\u00f3n mundial peso superpluma (2001) y actualmente embajador de la federaci\u00f3n.<\/p>\n\n\n\n<p><\/p>\n\n\n\n<p>\u201cAgradecerle a Dios por estar ac\u00e1 en mi pa\u00eds. Hemos llegado a apoyar a Sammy y a todos los atletas que competir\u00e1n en la Noche de Campeones, ya que este es un evento grande y especial\u201d, dijo Hern\u00e1ndez.<\/p>\n\n\n\n<p>Incluso, el ex boxeador particip\u00f3 este mi\u00e9rcoles en el Media Workout que se realiz\u00f3 en el Food Court de Plaza Merliot en donde varias personas se le acercaron para pedirle fotograf\u00edas y aut\u00f3grafos.<\/p>\n\n\n\n<p><\/p>\n\n\n\n<p>\u201cMe siento contento de estar ac\u00e1 apoyando a estos j\u00f3venes salvadore\u00f1os que dar\u00e1n lo mejor. Ser\u00e1 una cartelera bien espectacular, con mucha explosi\u00f3n porque estos ni\u00f1os quieren sobresalir y ser los pr\u00f3ximos Famoso Hern\u00e1ndez\u201d, dijo Carlos sobre los atletas nacionales que pelear\u00e1n en la velada.<\/p>\n\n\n\n<p>De igual forma, \u201cEl Famoso\u201d invit\u00f3 a todos los amantes del boxeo para que asistan el s\u00e1bado a la Cuna del M\u00e1gico Gonz\u00e1lez, ya que la entrada ser\u00e1 totalmente gratis y podr\u00e1n disfrutar de un excelente espect\u00e1culo box\u00edstico.<\/p>\n","protected":false},"excerpt":{"rendered":"<p>La Noche de Campeones est\u00e1 a la vuelta de la esquina y, sin duda, es un evento que ha levantado muchas expectativas ya que es la primera velada de talla semi profesional que organiza la Federaci\u00f3n Salvadore\u00f1a de Boxeo (Fesalbox). Y una leyenda del boxeo salvadore\u00f1o que no quiso perderse esta velada box\u00edstica es Carlos [&hellip;]<\/p>\n","protected":false},"author":2,"featured_media":22181,"comment_status":"open","ping_status":"open","sticky":false,"template":"","format":"standard","meta":{"tdm_status":"","tdm_grid_status":"","footnotes":""},"categories":[5],"tags":[],"class_list":{"0":"post-22180","1":"post","2":"type-post","3":"status-publish","4":"format-standard","5":"has-post-thumbnail","7":"category-deportes"},"jetpack_featured_media_url":"https:\/\/www.newsmillenium.com\/wp-content\/uploads\/2024\/09\/portada-1-boxeo1.jpg","amp_enabled":true,"_links":{"self":[{"href":"https:\/\/www.newsmillenium.com\/index.php\/wp-json\/wp\/v2\/posts\/22180","targetHints":{"allow":["GET"]}}],"collection":[{"href":"https:\/\/www.newsmillenium.com\/index.php\/wp-json\/wp\/v2\/posts"}],"about":[{"href":"https:\/\/www.newsmillenium.com\/index.php\/wp-json\/wp\/v2\/types\/post"}],"author":[{"embeddable":true,"href":"https:\/\/www.newsmillenium.com\/index.php\/wp-json\/wp\/v2\/users\/2"}],"replies":[{"embeddable":true,"href":"https:\/\/www.newsmillenium.com\/index.php\/wp-json\/wp\/v2\/comments?post=22180"}],"version-history":[{"count":1,"href":"https:\/\/www.newsmillenium.com\/index.php\/wp-json\/wp\/v2\/posts\/22180\/revisions"}],"predecessor-version":[{"id":22182,"href":"https:\/\/www.newsmillenium.com\/index.php\/wp-json\/wp\/v2\/posts\/22180\/revisions\/22182"}],"wp:featuredmedia":[{"embeddable":true,"href":"https:\/\/www.newsmillenium.com\/index.php\/wp-json\/wp\/v2\/media\/22181"}],"wp:attachment":[{"href":"https:\/\/www.newsmillenium.com\/index.php\/wp-json\/wp\/v2\/media?parent=22180"}],"wp:term":[{"taxonomy":"category","embeddable":true,"href":"https:\/\/www.newsmillenium.com\/index.php\/wp-json\/wp\/v2\/categories?post=22180"},{"taxonomy":"post_tag","embeddable":true,"href":"https:\/\/www.newsmillenium.com\/index.php\/wp-json\/wp\/v2\/tags?post=22180"}],"curies":[{"name":"wp","href":"https:\/\/api.w.org\/{rel}","templated":true}]}}