{"id":2190,"date":"2020-09-09T09:43:26","date_gmt":"2020-09-09T15:43:26","guid":{"rendered":"https:\/\/www.newsmillenium.com\/?p=2190"},"modified":"2020-09-09T09:43:36","modified_gmt":"2020-09-09T15:43:36","slug":"familias-de-el-paisnal-ejemplo-de-emprendedurismo-con-huerto-comunitario","status":"publish","type":"post","link":"https:\/\/www.newsmillenium.com\/index.php\/2020\/09\/09\/familias-de-el-paisnal-ejemplo-de-emprendedurismo-con-huerto-comunitario\/","title":{"rendered":"Familias de El Paisnal ejemplo de emprendedurismo con huerto comunitario"},"content":{"rendered":"\n<p>El sue\u00f1o de un grupo de familias\nvulnerables, conformada en su mayor\u00eda por ni\u00f1os y j\u00f3venes, ser\u00e1 cumplido por el\nGobierno del Presidente Nayib Bukele, que anunci\u00f3 el apoyo a un proyecto de\nhuerto comunitario, un ejemplo de emprendedurismo en medio de la pandemia del\nCOVID-19.<\/p>\n\n\n\n<p>El ministro de Agricultura, Pablo\nSalvador Anliker, visit\u00f3 el proyecto de m\u00e1s de 40 huertos comunitarios que\nimpulsan varias familias de la comunidad El Chaparral, en el cant\u00f3n El Matazano\nen la zona norte del departamento de San Salvador.<\/p>\n\n\n\n<p>El proyecto del huerto\ncomunitario familiar surgi\u00f3 hace dos meses a ra\u00edz de la pandemia de COVID-19 y\nen este participan 15 ni\u00f1os, cuatro j\u00f3venes y tres adultos que viven en la\nzona, con edades entre los cinco y 87 a\u00f1os.<\/p>\n\n\n\n<p>En el lugar se cultiva pepino,\nchipil\u00edn, mora, lechuga, pollo, r\u00e1bano, pipianes y chiles verdes que sirve para\nconsumo de la comunidad y a su vez para comercializarlos.<\/p>\n\n\n\n<p>El ministro Anliker destac\u00f3 el\nesfuerzo de emprendedurismo de las familias, por lo que anunci\u00f3 que el Gobierno\napoyar\u00e1 con un sistema de riego para que puedan hacer mejor uso del agua,\nacompa\u00f1ado de asistencia t\u00e9cnica.<\/p>\n\n\n\n<p>El ministro agreg\u00f3 que, como\nparte de la ayuda, el Instituto Salvadore\u00f1o de Transformaci\u00f3n Agraria (ISTA),\nest\u00e1 apoyando la iniciativa que se ha convertido en un ejemplo de\nemprendedurismo ante la crisis generada por la pandemia.<\/p>\n","protected":false},"excerpt":{"rendered":"<p>El sue\u00f1o de un grupo de familias vulnerables, conformada en su mayor\u00eda por ni\u00f1os y j\u00f3venes, ser\u00e1 cumplido por el Gobierno del Presidente Nayib Bukele, que anunci\u00f3 el apoyo a un proyecto de huerto comunitario, un ejemplo de emprendedurismo en medio de la pandemia del COVID-19. El ministro de Agricultura, Pablo Salvador Anliker, visit\u00f3 el [&hellip;]<\/p>\n","protected":false},"author":2,"featured_media":2191,"comment_status":"open","ping_status":"open","sticky":false,"template":"","format":"standard","meta":{"tdm_status":"","tdm_grid_status":"","footnotes":""},"categories":[4],"tags":[],"class_list":{"0":"post-2190","1":"post","2":"type-post","3":"status-publish","4":"format-standard","5":"has-post-thumbnail","7":"category-elsalvador"},"jetpack_featured_media_url":"https:\/\/www.newsmillenium.com\/wp-content\/uploads\/2020\/09\/portada-1-1huertos-paisnal.jpg","amp_enabled":true,"_links":{"self":[{"href":"https:\/\/www.newsmillenium.com\/index.php\/wp-json\/wp\/v2\/posts\/2190","targetHints":{"allow":["GET"]}}],"collection":[{"href":"https:\/\/www.newsmillenium.com\/index.php\/wp-json\/wp\/v2\/posts"}],"about":[{"href":"https:\/\/www.newsmillenium.com\/index.php\/wp-json\/wp\/v2\/types\/post"}],"author":[{"embeddable":true,"href":"https:\/\/www.newsmillenium.com\/index.php\/wp-json\/wp\/v2\/users\/2"}],"replies":[{"embeddable":true,"href":"https:\/\/www.newsmillenium.com\/index.php\/wp-json\/wp\/v2\/comments?post=2190"}],"version-history":[{"count":1,"href":"https:\/\/www.newsmillenium.com\/index.php\/wp-json\/wp\/v2\/posts\/2190\/revisions"}],"predecessor-version":[{"id":2192,"href":"https:\/\/www.newsmillenium.com\/index.php\/wp-json\/wp\/v2\/posts\/2190\/revisions\/2192"}],"wp:featuredmedia":[{"embeddable":true,"href":"https:\/\/www.newsmillenium.com\/index.php\/wp-json\/wp\/v2\/media\/2191"}],"wp:attachment":[{"href":"https:\/\/www.newsmillenium.com\/index.php\/wp-json\/wp\/v2\/media?parent=2190"}],"wp:term":[{"taxonomy":"category","embeddable":true,"href":"https:\/\/www.newsmillenium.com\/index.php\/wp-json\/wp\/v2\/categories?post=2190"},{"taxonomy":"post_tag","embeddable":true,"href":"https:\/\/www.newsmillenium.com\/index.php\/wp-json\/wp\/v2\/tags?post=2190"}],"curies":[{"name":"wp","href":"https:\/\/api.w.org\/{rel}","templated":true}]}}