{"id":21307,"date":"2024-07-19T07:22:46","date_gmt":"2024-07-19T13:22:46","guid":{"rendered":"https:\/\/www.newsmillenium.com\/?p=21307"},"modified":"2024-07-19T07:22:50","modified_gmt":"2024-07-19T13:22:50","slug":"karate-estudiantil-cumple-con-el-primer-eliminatorio","status":"publish","type":"post","link":"https:\/\/www.newsmillenium.com\/index.php\/2024\/07\/19\/karate-estudiantil-cumple-con-el-primer-eliminatorio\/","title":{"rendered":"Karate estudiantil cumple con el primer eliminatorio"},"content":{"rendered":"\n<p>La primera Eliminatoria Estudiantil organizada por la Federaci\u00f3n Salvadore\u00f1a de Karate se llev\u00f3 a cabo en las instalaciones de Ciudad Deportiva Inclusiva y logr\u00f3 una convocatoria de 63 centros educativos y un aproximado de 265 estudiantes de todo el pa\u00eds.<\/p>\n\n\n\n<p>Con este evento, la federaci\u00f3n busca a los mejores prospectos estudiantiles para que puedan engrosar el equipo de atletas de alto rendimiento, as\u00ed como para ir conformando a la delegaci\u00f3n que estar\u00e1 en los Juegos Consejo del Istmo Centroamericano de Deporte y Recreaci\u00f3n (Codicader).<\/p>\n\n\n\n<p><\/p>\n\n\n\n<p>Al final de la jornada, en kata individual 15-17 a\u00f1os femenino, el primer lugar fue para Estephanie Ju\u00e1rez (Liceo San Luis), el segundo puesto lo obtuvo Valeria Serrano (Colegio especializado en Atletas de Alta Competencia en El Salvador) y en la tercera casilla se ubic\u00f3 Brandy Serrano (Liceo Cristiano Reverendo Juan Bueno).<\/p>\n\n\n\n<pre class=\"wp-block-preformatted\"><\/pre>\n\n\n\n<figure class=\"wp-block-image size-full\"><img loading=\"lazy\" decoding=\"async\" width=\"550\" height=\"320\" src=\"https:\/\/www.newsmillenium.com\/wp-content\/uploads\/2024\/07\/portaad-1-2-Estudiantil-de-Karate-.jpg\" alt=\"\" class=\"wp-image-21309\" srcset=\"https:\/\/www.newsmillenium.com\/wp-content\/uploads\/2024\/07\/portaad-1-2-Estudiantil-de-Karate-.jpg 550w, https:\/\/www.newsmillenium.com\/wp-content\/uploads\/2024\/07\/portaad-1-2-Estudiantil-de-Karate--300x175.jpg 300w\" sizes=\"auto, (max-width: 550px) 100vw, 550px\" \/><\/figure>\n\n\n\n<p>En masculino, los ganadores fueron \u00c1ngel Granados (Colegio Cristiano Adventista), C\u00e9sar Moreno (Colegio Salarrue) y Daniel Mart\u00ednez (C.E. Vicente Acosta).<\/p>\n\n\n\n<p>Mientras que en kumite -48 kg (15-17 a\u00f1os) femenino, la ganadora fue Brandy Serrano, seguida de Miriam Recinos (C.E. Benjam\u00edn Bloom) y Dayana Valle (C.E Pedro Pablo Castillo).<\/p>\n\n\n\n<p>Asimismo, en l\u00edmite -53 kg (15-17 a\u00f1os) femenino, la ganadora fue Stephanie Ju\u00e1rez, en segundo lugar se ubic\u00f3 Adriana Mel\u00e9ndez (C.E. Pedro Pablo Castillo), seguida de Lidia Lue (C.E. Colonia Santa Marta).<\/p>\n\n\n\n<p><\/p>\n\n\n\n<p>En tanto, en kumite -59 kg (15-17 a\u00f1os) femenino, la m\u00e1xima figura fue Valeria Serrano; Erika Hirlemann (Escuela Alemana) se qued\u00f3 con la plata se qued\u00f3 y el bronce lo gan\u00f3 Ruby Solorzano (Instituto Nacional de Nueva Guadalupe).<\/p>\n\n\n\n<p>En kumite +59 kg (15-17 a\u00f1os) femenino, la ganadora fue Fernanda Ochoa (C.E. Cat\u00f3lico Santa Catalina), G\u00e9nesis Amaya (C.E Jos\u00e9 Pantoja) fue segunda y en tercer lugar se ubic\u00f3 Sara Guti\u00e9rrez (Colegio Centroam\u00e9rica).<\/p>\n\n\n\n<p><\/p>\n\n\n\n<p>Mientras que en kumite -55 kg (15-17 a\u00f1os) masculino, C\u00e9sar Moreno gan\u00f3 el primer lugar, mientras que Emilio Granados (Colegio Cristiano Adventista) fue segundo y H\u00e9ctor Ponce (Colegio Adventista Quezaltepeque) se qued\u00f3 con el tercer puesto.<\/p>\n\n\n\n<p>Jes\u00fas Argueta (Colegio Santa Teresa de Jes\u00fas) gan\u00f3 oro en kumite -61 kg (15-17 a\u00f1os) masculini, mientras que Marco Mira (Colegio Marista San Alfonso) se colg\u00f3 la plata y Diego Granados (Complejo Educativo Estado de Israel), el bronce.<\/p>\n\n\n\n<p><\/p>\n\n\n\n<p>En kumite -68 kg (15-17 a\u00f1os) masculino, Daniel Marroqu\u00edn (C.E Cat\u00f3lico Juan XXIII) gan\u00f3 el primer puesto, superando en la final a Bryan L\u00f3pez (Instituto Nacional Dami\u00e1n Villacorta), mientras que el tercer fue de Abner Baires (Instituto Nacional de nueva Guadalupe).<\/p>\n\n\n\n<p>Carlos Gonz\u00e1lez (Colegio especializado en Atletas de Alta Competencia en El Salvador) se coron\u00f3 en el kumite -76 kg (15-17 a\u00f1os) masculino, seguido de Brandon Pe\u00f1a (Colegio Santa Teresa de Jes\u00fas) y Fernando Lizama ( C.E. Rafael Campos).<\/p>\n\n\n\n<p>Y en kumite -76 kg (15-17 a\u00f1os) masculino, el ganador fue Jos\u00e9 R\u00edos y completaron el podio Tony Cruz (C.E Rep\u00fablica de Francia) y Daniel Mart\u00ednez (C.E. Vicente Acosta).<\/p>\n","protected":false},"excerpt":{"rendered":"<p>La primera Eliminatoria Estudiantil organizada por la Federaci\u00f3n Salvadore\u00f1a de Karate se llev\u00f3 a cabo en las instalaciones de Ciudad Deportiva Inclusiva y logr\u00f3 una convocatoria de 63 centros educativos y un aproximado de 265 estudiantes de todo el pa\u00eds. Con este evento, la federaci\u00f3n busca a los mejores prospectos estudiantiles para que puedan engrosar [&hellip;]<\/p>\n","protected":false},"author":2,"featured_media":21308,"comment_status":"open","ping_status":"open","sticky":false,"template":"","format":"standard","meta":{"tdm_status":"","tdm_grid_status":"","footnotes":""},"categories":[5],"tags":[],"class_list":{"0":"post-21307","1":"post","2":"type-post","3":"status-publish","4":"format-standard","5":"has-post-thumbnail","7":"category-deportes"},"jetpack_featured_media_url":"https:\/\/www.newsmillenium.com\/wp-content\/uploads\/2024\/07\/portaad-1-Estudiantil-de-Karate-.jpg","amp_enabled":true,"_links":{"self":[{"href":"https:\/\/www.newsmillenium.com\/index.php\/wp-json\/wp\/v2\/posts\/21307","targetHints":{"allow":["GET"]}}],"collection":[{"href":"https:\/\/www.newsmillenium.com\/index.php\/wp-json\/wp\/v2\/posts"}],"about":[{"href":"https:\/\/www.newsmillenium.com\/index.php\/wp-json\/wp\/v2\/types\/post"}],"author":[{"embeddable":true,"href":"https:\/\/www.newsmillenium.com\/index.php\/wp-json\/wp\/v2\/users\/2"}],"replies":[{"embeddable":true,"href":"https:\/\/www.newsmillenium.com\/index.php\/wp-json\/wp\/v2\/comments?post=21307"}],"version-history":[{"count":1,"href":"https:\/\/www.newsmillenium.com\/index.php\/wp-json\/wp\/v2\/posts\/21307\/revisions"}],"predecessor-version":[{"id":21310,"href":"https:\/\/www.newsmillenium.com\/index.php\/wp-json\/wp\/v2\/posts\/21307\/revisions\/21310"}],"wp:featuredmedia":[{"embeddable":true,"href":"https:\/\/www.newsmillenium.com\/index.php\/wp-json\/wp\/v2\/media\/21308"}],"wp:attachment":[{"href":"https:\/\/www.newsmillenium.com\/index.php\/wp-json\/wp\/v2\/media?parent=21307"}],"wp:term":[{"taxonomy":"category","embeddable":true,"href":"https:\/\/www.newsmillenium.com\/index.php\/wp-json\/wp\/v2\/categories?post=21307"},{"taxonomy":"post_tag","embeddable":true,"href":"https:\/\/www.newsmillenium.com\/index.php\/wp-json\/wp\/v2\/tags?post=21307"}],"curies":[{"name":"wp","href":"https:\/\/api.w.org\/{rel}","templated":true}]}}