{"id":21168,"date":"2024-07-10T11:00:13","date_gmt":"2024-07-10T17:00:13","guid":{"rendered":"https:\/\/www.newsmillenium.com\/?p=21168"},"modified":"2024-07-10T11:00:17","modified_gmt":"2024-07-10T17:00:17","slug":"mariana-salazar-mi-objetivo-es-el-panamericano-en-el-salvador","status":"publish","type":"post","link":"https:\/\/www.newsmillenium.com\/index.php\/2024\/07\/10\/mariana-salazar-mi-objetivo-es-el-panamericano-en-el-salvador\/","title":{"rendered":"Mariana Salazar: \u201cMi objetivo es el Panamericano en El Salvador\u201d"},"content":{"rendered":"\n<p>La ciclista Mariana Salazar, atleta de nuestro Programa Esfuerzo y Gloria, volvi\u00f3 a competir despu\u00e9s de su operaci\u00f3n de clav\u00edcula y particip\u00f3 en la primera Copa de Downhill de Francia, que se disput\u00f3 en Les Arcs, Bourg St. Maurice.<\/p>\n\n\n\n<p>La m\u00e1xima figura del downhill salvadore\u00f1o confirm\u00f3 un sexto lugar en la categor\u00eda \u00e9lite y se posicion\u00f3 en la d\u00e9cimo tercera casilla en la competencia que se desarroll\u00f3 a finales de junio.<\/p>\n\n\n\n<p>En febrero del presente a\u00f1o, Salazar sufri\u00f3 una fractura de clav\u00edcula durante una prueba de saltos tras su participaci\u00f3n en la categor\u00eda \u00e9lite en el Downhill del Volc\u00e1n 2024, que se desarroll\u00f3 en Antigua Guatemala.<\/p>\n\n\n\n<p><\/p>\n\n\n\n<p>Casi cuatro meses despu\u00e9s de su ca\u00edda y un tratamiento de hormonoterapia contra el c\u00e1ncer, Mariana mantiene intacta su pasi\u00f3n por el downhill y entre sus anhelos deportivos est\u00e1n poder competir en el Campeonato Panamericano 2024 de Downhill que el pa\u00eds organizar\u00e1 en septiembre.<\/p>\n\n\n\n<p><\/p>\n\n\n\n<p>\u00bfC\u00f3mo se sinti\u00f3 despu\u00e9s de volver a sentir la adrenalina de competir y qu\u00e9 destaca?<\/p>\n\n\n\n<p>Fue bastante dif\u00edcil, me cost\u00f3 mucho bajar la pista y pasar los obst\u00e1culos. No estaba lista f\u00edsicamente, apenas voy terminando las sesiones de fisioterapia, as\u00ed que no he tenido tiempo de entrenar en bici de downhill ni gimnasio, pero me encant\u00f3 volver, intentar y disfrutar con todos.<\/p>\n\n\n\n<p><\/p>\n\n\n\n<p>\u00bfEsta competencia marca su regreso permanente ya al downhill?<\/p>\n\n\n\n<p>Todav\u00eda hay mucho que trabajar para estar oficialmente de vuelta y con mi tratamiento, mi condici\u00f3n f\u00edsica y energ\u00eda var\u00eda mucho. Me est\u00e1 costando bastante con los efectos secundarios del tratamiento, as\u00ed que estoy dando lo mejor de m\u00ed para fortalecerme poco a poco.<\/p>\n\n\n\n<p><\/p>\n\n\n\n<p>\u00bfCu\u00e1l ser\u00e1 su pr\u00f3xima competencia y cu\u00e1les son sus expectativas para 2024?<\/p>\n\n\n\n<p>Tengo planeado ir a otras Copas de Francia a finales de mes. Para 2024, la verdad, es que todo es bastante complicado por el tratamiento y la lesi\u00f3n, pero mi objetivo principal es el Campeonato Panamericano a finales de septiembre en El Salvador.<\/p>\n","protected":false},"excerpt":{"rendered":"<p>La ciclista Mariana Salazar, atleta de nuestro Programa Esfuerzo y Gloria, volvi\u00f3 a competir despu\u00e9s de su operaci\u00f3n de clav\u00edcula y particip\u00f3 en la primera Copa de Downhill de Francia, que se disput\u00f3 en Les Arcs, Bourg St. Maurice. La m\u00e1xima figura del downhill salvadore\u00f1o confirm\u00f3 un sexto lugar en la categor\u00eda \u00e9lite y se [&hellip;]<\/p>\n","protected":false},"author":2,"featured_media":21169,"comment_status":"open","ping_status":"open","sticky":false,"template":"","format":"standard","meta":{"tdm_status":"","tdm_grid_status":"","footnotes":""},"categories":[5],"tags":[],"class_list":{"0":"post-21168","1":"post","2":"type-post","3":"status-publish","4":"format-standard","5":"has-post-thumbnail","7":"category-deportes"},"jetpack_featured_media_url":"https:\/\/www.newsmillenium.com\/wp-content\/uploads\/2024\/07\/portada-2-ciclista.jpg","amp_enabled":true,"_links":{"self":[{"href":"https:\/\/www.newsmillenium.com\/index.php\/wp-json\/wp\/v2\/posts\/21168","targetHints":{"allow":["GET"]}}],"collection":[{"href":"https:\/\/www.newsmillenium.com\/index.php\/wp-json\/wp\/v2\/posts"}],"about":[{"href":"https:\/\/www.newsmillenium.com\/index.php\/wp-json\/wp\/v2\/types\/post"}],"author":[{"embeddable":true,"href":"https:\/\/www.newsmillenium.com\/index.php\/wp-json\/wp\/v2\/users\/2"}],"replies":[{"embeddable":true,"href":"https:\/\/www.newsmillenium.com\/index.php\/wp-json\/wp\/v2\/comments?post=21168"}],"version-history":[{"count":1,"href":"https:\/\/www.newsmillenium.com\/index.php\/wp-json\/wp\/v2\/posts\/21168\/revisions"}],"predecessor-version":[{"id":21170,"href":"https:\/\/www.newsmillenium.com\/index.php\/wp-json\/wp\/v2\/posts\/21168\/revisions\/21170"}],"wp:featuredmedia":[{"embeddable":true,"href":"https:\/\/www.newsmillenium.com\/index.php\/wp-json\/wp\/v2\/media\/21169"}],"wp:attachment":[{"href":"https:\/\/www.newsmillenium.com\/index.php\/wp-json\/wp\/v2\/media?parent=21168"}],"wp:term":[{"taxonomy":"category","embeddable":true,"href":"https:\/\/www.newsmillenium.com\/index.php\/wp-json\/wp\/v2\/categories?post=21168"},{"taxonomy":"post_tag","embeddable":true,"href":"https:\/\/www.newsmillenium.com\/index.php\/wp-json\/wp\/v2\/tags?post=21168"}],"curies":[{"name":"wp","href":"https:\/\/api.w.org\/{rel}","templated":true}]}}