{"id":20522,"date":"2024-05-25T07:07:23","date_gmt":"2024-05-25T13:07:23","guid":{"rendered":"https:\/\/www.newsmillenium.com\/?p=20522"},"modified":"2024-05-25T07:07:26","modified_gmt":"2024-05-25T13:07:26","slug":"agua-potable-a-mas-de-600000-salvadorenos-con-la-rehabilitacion-del-sistema-zona-norte","status":"publish","type":"post","link":"https:\/\/www.newsmillenium.com\/index.php\/2024\/05\/25\/agua-potable-a-mas-de-600000-salvadorenos-con-la-rehabilitacion-del-sistema-zona-norte\/","title":{"rendered":"Agua potable a m\u00e1s de  600,000 salvadore\u00f1os con la rehabilitaci\u00f3n del Sistema Zona Norte"},"content":{"rendered":"\n<p>Los esfuerzos del Gobierno del Presidente Nayib Bukele por garantizar el derecho al agua a todos los salvadore\u00f1os suman desde este viernes los trabajos de rehabilitaci\u00f3n del Sistema Zona Norte, el cual suministra agua potable a unos 120,000 hogares en diversos distritos de los municipios de San Salvador Centro, La Libertad Sur y la Libertad Este.<\/p>\n\n\n\n<p><\/p>\n\n\n\n<p>Estos trabajos de rehabilitaci\u00f3n se ejecutan con una inversi\u00f3n de $100 millones, gestionados con el Banco Interamericano de Desarrollo (BID), quien aport\u00f3 el financiamiento para el programa de Fortalecimiento del sector agua y saneamiento en El Salvador, ejecutado por la Administraci\u00f3n Nacional de Acueductos y Alcantarillados (ANDA).<\/p>\n\n\n\n<p>Este programa tiene 3 componentes, cuyos trabajos se ejecutar\u00e1n durante los pr\u00f3ximos cinco a\u00f1os: reducci\u00f3n de los niveles de agua no contabilizada, mejora de la eficiencia energ\u00e9tica y mejora de la gesti\u00f3n.<\/p>\n\n\n\n<figure class=\"wp-block-image size-full\"><img loading=\"lazy\" decoding=\"async\" width=\"550\" height=\"367\" src=\"https:\/\/www.newsmillenium.com\/wp-content\/uploads\/2024\/05\/portada-1-2-anda-1.jpg\" alt=\"\" class=\"wp-image-20524\" srcset=\"https:\/\/www.newsmillenium.com\/wp-content\/uploads\/2024\/05\/portada-1-2-anda-1.jpg 550w, https:\/\/www.newsmillenium.com\/wp-content\/uploads\/2024\/05\/portada-1-2-anda-1-300x200.jpg 300w\" sizes=\"auto, (max-width: 550px) 100vw, 550px\" \/><\/figure>\n\n\n\n<p>\u201cHan pasado 40 a\u00f1os desde que este sistema, conocido como Sistema Zona Norte, entr\u00f3 en operaciones, y debido a la falta de visi\u00f3n t\u00e9cnica, de inversi\u00f3n, que este sistema se encuentra en un 80 %de deterioro\u201d, afirm\u00f3 el presidente de la ANDA, Rub\u00e9n Alem\u00e1n.<\/p>\n\n\n\n<p>La ANDA invertir\u00e1 $33.8 millones en la ejecuci\u00f3n del primer componente para apostarle a la reducci\u00f3n del agua no contabilizada, que incluir\u00e1 la renovaci\u00f3n y rehabilitaci\u00f3n de redes de agua potable en \u00e1reas prioritarias, instalaci\u00f3n de tuber\u00edas de conducci\u00f3n, sustituci\u00f3n de 24 kil\u00f3metros de tuber\u00edas obsoletas, mejora y ampliaci\u00f3n de los sistemas de macro y micro medici\u00f3n, control digital de redes y la adquisici\u00f3n de equipos para la detecci\u00f3n de fugas.<\/p>\n\n\n\n<p><\/p>\n\n\n\n<p>En el segundo componente, se ejecutar\u00e1 una inversi\u00f3n de $53.6 millones destinado a aumentar la eficiencia energ\u00e9tica con las obras de limpieza, perforaci\u00f3n y equipamiento de 26 pozos de agua potable; sustituci\u00f3n e instalaci\u00f3n de protecciones el\u00e9ctricas, mejora de l\u00edneas de alimentaci\u00f3n el\u00e9ctrica, renovaci\u00f3n de subestaciones, entre otros.<\/p>\n\n\n\n<p>En el tercer componente se destinar\u00e1n $9.1 millones para mejorar la gesti\u00f3n de la ANDA a trav\u00e9s del fortalecimiento institucional, la modernizaci\u00f3n tecnol\u00f3gica, el dise\u00f1o e implementaci\u00f3n de cinco planes organizacionales y la construcci\u00f3n de otro laboratorio de calidad del agua.<\/p>\n","protected":false},"excerpt":{"rendered":"<p>Los esfuerzos del Gobierno del Presidente Nayib Bukele por garantizar el derecho al agua a todos los salvadore\u00f1os suman desde este viernes los trabajos de rehabilitaci\u00f3n del Sistema Zona Norte, el cual suministra agua potable a unos 120,000 hogares en diversos distritos de los municipios de San Salvador Centro, La Libertad Sur y la Libertad [&hellip;]<\/p>\n","protected":false},"author":2,"featured_media":20523,"comment_status":"open","ping_status":"open","sticky":false,"template":"","format":"standard","meta":{"tdm_status":"","tdm_grid_status":"","footnotes":""},"categories":[14,4],"tags":[],"class_list":{"0":"post-20522","1":"post","2":"type-post","3":"status-publish","4":"format-standard","5":"has-post-thumbnail","7":"category-destacads","8":"category-elsalvador"},"jetpack_featured_media_url":"https:\/\/www.newsmillenium.com\/wp-content\/uploads\/2024\/05\/portada-1-anda-1-2.jpg","amp_enabled":true,"_links":{"self":[{"href":"https:\/\/www.newsmillenium.com\/index.php\/wp-json\/wp\/v2\/posts\/20522","targetHints":{"allow":["GET"]}}],"collection":[{"href":"https:\/\/www.newsmillenium.com\/index.php\/wp-json\/wp\/v2\/posts"}],"about":[{"href":"https:\/\/www.newsmillenium.com\/index.php\/wp-json\/wp\/v2\/types\/post"}],"author":[{"embeddable":true,"href":"https:\/\/www.newsmillenium.com\/index.php\/wp-json\/wp\/v2\/users\/2"}],"replies":[{"embeddable":true,"href":"https:\/\/www.newsmillenium.com\/index.php\/wp-json\/wp\/v2\/comments?post=20522"}],"version-history":[{"count":1,"href":"https:\/\/www.newsmillenium.com\/index.php\/wp-json\/wp\/v2\/posts\/20522\/revisions"}],"predecessor-version":[{"id":20525,"href":"https:\/\/www.newsmillenium.com\/index.php\/wp-json\/wp\/v2\/posts\/20522\/revisions\/20525"}],"wp:featuredmedia":[{"embeddable":true,"href":"https:\/\/www.newsmillenium.com\/index.php\/wp-json\/wp\/v2\/media\/20523"}],"wp:attachment":[{"href":"https:\/\/www.newsmillenium.com\/index.php\/wp-json\/wp\/v2\/media?parent=20522"}],"wp:term":[{"taxonomy":"category","embeddable":true,"href":"https:\/\/www.newsmillenium.com\/index.php\/wp-json\/wp\/v2\/categories?post=20522"},{"taxonomy":"post_tag","embeddable":true,"href":"https:\/\/www.newsmillenium.com\/index.php\/wp-json\/wp\/v2\/tags?post=20522"}],"curies":[{"name":"wp","href":"https:\/\/api.w.org\/{rel}","templated":true}]}}