{"id":18851,"date":"2024-01-03T09:54:38","date_gmt":"2024-01-03T15:54:38","guid":{"rendered":"https:\/\/www.newsmillenium.com\/?p=18851"},"modified":"2024-01-03T09:54:41","modified_gmt":"2024-01-03T15:54:41","slug":"colorido-desfile-y-concierto-de-la-banda-el-salvador","status":"publish","type":"post","link":"https:\/\/www.newsmillenium.com\/index.php\/2024\/01\/03\/colorido-desfile-y-concierto-de-la-banda-el-salvador\/","title":{"rendered":"Colorido desfile y concierto de la Banda El Salvador"},"content":{"rendered":"\n<p>El Gobierno de El Salvador pone a disposici\u00f3n de la poblaci\u00f3n un espect\u00e1culo cultural con el desfile de la Banda El Salvador, que hizo un recorrido de la plaza Salvador del Mundo hasta la plaza Gerardo Barrios, en el Centro Hist\u00f3rico de San Salvador; un espect\u00e1culo musical que culmin\u00f3 con un concierto, en el que se mostr\u00f3 el talento de los 600 j\u00f3venes que conforman esta banda de marcha.<\/p>\n\n\n\n<p><\/p>\n\n\n\n<p>El viceministro de Cultura, Eric Doradea, detall\u00f3 que el a\u00f1o 2024 est\u00e1 iniciando con el desfile de la banda de marcha m\u00e1s grande de la regi\u00f3n centroamericana; que est\u00e1 integrada por 600 j\u00f3venes, que est\u00e1n en proceso de aprendizaje y formaci\u00f3n y que proceden de diferentes puntos del pa\u00eds.<br>\u201cLa banda m\u00e1s grande de Centroam\u00e9rica, y porque no decirlo, de la regi\u00f3n latinoamericana; una banda que est\u00e1 compuesta por m\u00fasicos, j\u00f3venes en su totalidad, de los 14 departamentos de El Salvador; y este d\u00eda, el primer d\u00eda del 2024 desde los alrededores de la plaza Salvador del Mundo nos vamos a desplazar al Centro Hist\u00f3rico de San Salvador\u201d, detall\u00f3 Doradea.<\/p>\n\n\n\n<p><\/p>\n\n\n\n<p>Este es un proyecto pa\u00eds, impulsado por el Presidente Nayib Bukele, en el que se han involucrado varias instituciones del Gobierno; el 15 de septiembre de 2023, la Banda El Salvador debut\u00f3 con 300 integrantes; ahora, en la celebraci\u00f3n del inicio del a\u00f1o 2024, la banda de marcha se conforma de 600 j\u00f3venes, de un aproximado de 1,000 aspirantes que se presentaron a la convocatoria.<br>En la alameda Roosevelt, de San Salvador, se concentr\u00f3 la poblaci\u00f3n salvadore\u00f1a para disfrutar del talento de la banda de marcha y del talento de los j\u00f3venes m\u00fasicos, quienes provienen de todos los rincones del pa\u00eds, y han sido formados en las sedes regionales del Sistema de Coros y Orquestas Juveniles del Ministerio de Cultura.<\/p>\n\n\n\n<p><\/p>\n\n\n\n<p>\u201cEs una banda de marcha, nosotros hemos trabajado muy fuerte con los m\u00fasicos, para ofrecerle a la poblaci\u00f3n m\u00fasica salvadore\u00f1a, con identidad, de El Salvador, que ha sido arreglada para este tipo de banda. Luego tambi\u00e9n hay una cantidad de canciones que est\u00e1n vinculadas con las tradicionales melod\u00edas que se vinculan con las bandas de marcha, como merengues, cumbias\u201d, a\u00f1adi\u00f3 el funcionario.<\/p>\n\n\n\n<p>Al cierre del desfile se realiz\u00f3 un concierto de la Banda El Salvador en la plaza Gerardo Barrios, frente al Palacio Nacional y la Biblioteca Nacional de El Salvador (BINAES), en el que se present\u00f3 un repertorio musical completo; como tambi\u00e9n, un espect\u00e1culo de fuegos artificiales para disfrute de los salvadore\u00f1os que decidieron celebrar el inicio del a\u00f1o con las actividades de sano esparcimiento y culturales que impulsa el Gobierno de El Salvador.<\/p>\n","protected":false},"excerpt":{"rendered":"<p>El Gobierno de El Salvador pone a disposici\u00f3n de la poblaci\u00f3n un espect\u00e1culo cultural con el desfile de la Banda El Salvador, que hizo un recorrido de la plaza Salvador del Mundo hasta la plaza Gerardo Barrios, en el Centro Hist\u00f3rico de San Salvador; un espect\u00e1culo musical que culmin\u00f3 con un concierto, en el que [&hellip;]<\/p>\n","protected":false},"author":2,"featured_media":18852,"comment_status":"open","ping_status":"open","sticky":false,"template":"","format":"standard","meta":{"tdm_status":"","tdm_grid_status":"","footnotes":""},"categories":[4],"tags":[],"class_list":{"0":"post-18851","1":"post","2":"type-post","3":"status-publish","4":"format-standard","5":"has-post-thumbnail","7":"category-elsalvador"},"jetpack_featured_media_url":"https:\/\/www.newsmillenium.com\/wp-content\/uploads\/2024\/01\/portada-1-2-banda-ES.jpg","amp_enabled":true,"_links":{"self":[{"href":"https:\/\/www.newsmillenium.com\/index.php\/wp-json\/wp\/v2\/posts\/18851","targetHints":{"allow":["GET"]}}],"collection":[{"href":"https:\/\/www.newsmillenium.com\/index.php\/wp-json\/wp\/v2\/posts"}],"about":[{"href":"https:\/\/www.newsmillenium.com\/index.php\/wp-json\/wp\/v2\/types\/post"}],"author":[{"embeddable":true,"href":"https:\/\/www.newsmillenium.com\/index.php\/wp-json\/wp\/v2\/users\/2"}],"replies":[{"embeddable":true,"href":"https:\/\/www.newsmillenium.com\/index.php\/wp-json\/wp\/v2\/comments?post=18851"}],"version-history":[{"count":1,"href":"https:\/\/www.newsmillenium.com\/index.php\/wp-json\/wp\/v2\/posts\/18851\/revisions"}],"predecessor-version":[{"id":18853,"href":"https:\/\/www.newsmillenium.com\/index.php\/wp-json\/wp\/v2\/posts\/18851\/revisions\/18853"}],"wp:featuredmedia":[{"embeddable":true,"href":"https:\/\/www.newsmillenium.com\/index.php\/wp-json\/wp\/v2\/media\/18852"}],"wp:attachment":[{"href":"https:\/\/www.newsmillenium.com\/index.php\/wp-json\/wp\/v2\/media?parent=18851"}],"wp:term":[{"taxonomy":"category","embeddable":true,"href":"https:\/\/www.newsmillenium.com\/index.php\/wp-json\/wp\/v2\/categories?post=18851"},{"taxonomy":"post_tag","embeddable":true,"href":"https:\/\/www.newsmillenium.com\/index.php\/wp-json\/wp\/v2\/tags?post=18851"}],"curies":[{"name":"wp","href":"https:\/\/api.w.org\/{rel}","templated":true}]}}