{"id":18627,"date":"2023-12-08T07:03:46","date_gmt":"2023-12-08T13:03:46","guid":{"rendered":"https:\/\/www.newsmillenium.com\/?p=18627"},"modified":"2023-12-08T07:03:50","modified_gmt":"2023-12-08T13:03:50","slug":"milei-acuerda-reunion-con-musk-para-2024","status":"publish","type":"post","link":"https:\/\/www.newsmillenium.com\/index.php\/2023\/12\/08\/milei-acuerda-reunion-con-musk-para-2024\/","title":{"rendered":"Milei acuerda reuni\u00f3n con Musk para 2024"},"content":{"rendered":"\n<p>NotiPress<\/p>\n\n\n\n<p>Mediante un comunicado de prensa, la oficina del presidente electo de Argentina, inform\u00f3 que el 6 de diciembre de 2023, Javier Milei sostuvo una conversaci\u00f3n telef\u00f3nica con el magnate Elon Musk. Por su parte, Milei asegur\u00f3 que durante esta le agradeci\u00f3 al magnate sus acciones para defender las ideas de la libertad y el apoyo hacia su trabajo. De igual forma, coment\u00f3 que Musk le deseo \u00e9xito en su administraci\u00f3n y acordaron seguir estrechando v\u00ednculos para colaborar de manera conjunta.<\/p>\n\n\n\n<p><\/p>\n\n\n\n<p>Si bien, no se revel\u00f3 mucha informaci\u00f3n sobre dicho di\u00e1logo, se asume, Milei invit\u00f3 a Musk a la ceremonia de traspaso de la presidencia de Argentina. No obstante, el mandatario argentino expres\u00f3 que al magnate no le ser\u00e1 posible asistir a esta, pero acordaron una visita a Argentina para el 2024. M\u00e1s all\u00e1 de ello, no se dieron detalles en torno a los temas abordados por dichos personajes, a excepci\u00f3n de la intenci\u00f3n de conjuntar esfuerzos para &#8220;defender la libertad&#8221;. Esto, sumado a la interacci\u00f3n previa entre Milei y Musk en X, ha generado especulaciones del posible establecimiento de las empresas del magnate en Argentina.<\/p>\n\n\n\n<p><\/p>\n\n\n\n<p>Cabe destacar, en diversas ocasiones, a trav\u00e9s de comentarios en X, Musk mostr\u00f3 simpat\u00eda ideol\u00f3gica hacia las proyecciones pol\u00edticas y econ\u00f3micas de Milei. Respecto a esto, CNN considera esta afinidad se basa en la supuesta coincidencia de ideas en torno a la libertad de expresi\u00f3n, es m\u00e1s bien una aversi\u00f3n compartida hacia el progresismo y el populismo. As\u00ed, para analistas pol\u00edticos, las expresiones utilizadas tanto por Milei como por Musk en torno a la libertad, son apreciadas como &#8220;una idea ce\u00f1ida a la cuesti\u00f3n individual que rechaza todo v\u00ednculo de solidaridad&#8221;.<\/p>\n\n\n\n<p>Recientemente, en una entrevista, Milei refiri\u00f3 una cita del economista John Stuart Mill, con la cual mostr\u00f3 su aversi\u00f3n al &#8220;socialismo&#8221;. Este hecho, medios como ABC News, lo consideraron como una muestra m\u00e1s de la inclinaci\u00f3n del presidente electo hacia el capitalismo radical, cuyo mayor representante, seg\u00fan el medio, es Elon Musk.<\/p>\n\n\n\n<p><\/p>\n\n\n\n<p>Aunado a la sinergia ideol\u00f3gica entre Musk y Milei, el que Argentina posea una gran reserva global de litio y el magnate posea una de las compa\u00f1\u00edas m\u00e1s grandes de fabricaci\u00f3n de bater\u00edas de litio, ha orillado a los medios de comunicaci\u00f3n a realizar ciertas conjeturas. Aunque, no se ha hecho p\u00fablica informaci\u00f3n sobre el establecimiento de Tesla en territorio argentino en noviembre de 2023, Diana Mondino, futura canciller en el gabinete de Milei, confirm\u00f3 operaciones de Starlink en el pa\u00eds. Esto a trav\u00e9s de una publicaci\u00f3n en X, en la cual coment\u00f3 &#8220;estamos trabajando en ello&#8221;, sobre una imagen respecto a la llegada del servicio de internet satelital a Argentina.<\/p>\n\n\n\n<p>Si bien, por ahora todas son especulaciones, la concordancia de ideas en torno a la libertad y el capitalismo entre Milei y Musk es un hecho. As\u00ed como la intenci\u00f3n de ambos de entablar conversaciones futuras para &#8220;estrechar v\u00ednculos y continuar trabajando juntos &#8220;.<\/p>\n","protected":false},"excerpt":{"rendered":"<p>NotiPress Mediante un comunicado de prensa, la oficina del presidente electo de Argentina, inform\u00f3 que el 6 de diciembre de 2023, Javier Milei sostuvo una conversaci\u00f3n telef\u00f3nica con el magnate Elon Musk. Por su parte, Milei asegur\u00f3 que durante esta le agradeci\u00f3 al magnate sus acciones para defender las ideas de la libertad y el [&hellip;]<\/p>\n","protected":false},"author":2,"featured_media":18628,"comment_status":"open","ping_status":"open","sticky":false,"template":"","format":"standard","meta":{"tdm_status":"","tdm_grid_status":"","footnotes":""},"categories":[14,3],"tags":[],"class_list":{"0":"post-18627","1":"post","2":"type-post","3":"status-publish","4":"format-standard","5":"has-post-thumbnail","7":"category-destacads","8":"category-internacional"},"jetpack_featured_media_url":"https:\/\/www.newsmillenium.com\/wp-content\/uploads\/2023\/12\/portada-1-milei-musk.jpg","amp_enabled":true,"_links":{"self":[{"href":"https:\/\/www.newsmillenium.com\/index.php\/wp-json\/wp\/v2\/posts\/18627","targetHints":{"allow":["GET"]}}],"collection":[{"href":"https:\/\/www.newsmillenium.com\/index.php\/wp-json\/wp\/v2\/posts"}],"about":[{"href":"https:\/\/www.newsmillenium.com\/index.php\/wp-json\/wp\/v2\/types\/post"}],"author":[{"embeddable":true,"href":"https:\/\/www.newsmillenium.com\/index.php\/wp-json\/wp\/v2\/users\/2"}],"replies":[{"embeddable":true,"href":"https:\/\/www.newsmillenium.com\/index.php\/wp-json\/wp\/v2\/comments?post=18627"}],"version-history":[{"count":1,"href":"https:\/\/www.newsmillenium.com\/index.php\/wp-json\/wp\/v2\/posts\/18627\/revisions"}],"predecessor-version":[{"id":18629,"href":"https:\/\/www.newsmillenium.com\/index.php\/wp-json\/wp\/v2\/posts\/18627\/revisions\/18629"}],"wp:featuredmedia":[{"embeddable":true,"href":"https:\/\/www.newsmillenium.com\/index.php\/wp-json\/wp\/v2\/media\/18628"}],"wp:attachment":[{"href":"https:\/\/www.newsmillenium.com\/index.php\/wp-json\/wp\/v2\/media?parent=18627"}],"wp:term":[{"taxonomy":"category","embeddable":true,"href":"https:\/\/www.newsmillenium.com\/index.php\/wp-json\/wp\/v2\/categories?post=18627"},{"taxonomy":"post_tag","embeddable":true,"href":"https:\/\/www.newsmillenium.com\/index.php\/wp-json\/wp\/v2\/tags?post=18627"}],"curies":[{"name":"wp","href":"https:\/\/api.w.org\/{rel}","templated":true}]}}