{"id":18410,"date":"2023-11-24T11:15:47","date_gmt":"2023-11-24T17:15:47","guid":{"rendered":"https:\/\/www.newsmillenium.com\/?p=18410"},"modified":"2023-11-24T11:16:01","modified_gmt":"2023-11-24T17:16:01","slug":"plantosa-revela-la-nueva-imagen-de-cafe-dorena-retomando-su-historia","status":"publish","type":"post","link":"https:\/\/www.newsmillenium.com\/index.php\/2023\/11\/24\/plantosa-revela-la-nueva-imagen-de-cafe-dorena-retomando-su-historia\/","title":{"rendered":"PLANTOSA revela la nueva imagen de Caf\u00e9 Dore\u00f1a retomando su historia"},"content":{"rendered":"\n<p>Plantosa retoma la historia de Caf\u00e9 Dore\u00f1a al revelar su nueva imagen donde rinden homenaje a los 70 a\u00f1os de la primera marca de caf\u00e9 Premium que naci\u00f3 en El Salvador.<\/p>\n\n\n\n<p>Plantosa present\u00f3 la nueva imagen de Caf\u00e9 Dore\u00f1a .Esta presentaci\u00f3n marc\u00f3 un paso significativo en los 70 a\u00f1os de historia de la marca, honrando su legado y retomando la memoria de la \u00e9poca de oro del caf\u00e9 en El Salvador.<\/p>\n\n\n\n<p><\/p>\n\n\n\n<p>El evento reuni\u00f3 a distinguidos miembros de la industria, socios estrat\u00e9gicos y medios de comunicaci\u00f3n para ser testigos de la transformaci\u00f3n visual de Caf\u00e9 Dore\u00f1a. El nuevo dise\u00f1o refleja la evoluci\u00f3n de la marca, destacando su empe\u00f1o continuo con la innovaci\u00f3n, la calidad de su caf\u00e9 y el compromiso que tienen con El Salvador.<\/p>\n\n\n\n<p><\/p>\n\n\n\n<p>El discurso pronunciado durante el evento reflej\u00f3 la tradici\u00f3n de Caf\u00e9 Dore\u00f1a, que valora la importancia de la historia y la identidad, la cual agradece a todos aquellos que dijeron &#8220;El Salvador merece caf\u00e9 de calidad&#8221;. &#8220;Somos hechos por la historia que est\u00e1 atr\u00e1s de Dore\u00f1a, porque cuando se exportaba el caf\u00e9 SALVA, un grupo de valientes decidi\u00f3 dejar para El Salvador una marca salvadore\u00f1a de caf\u00e9 de excelente calidad: Dore\u00f1a\u201d, expres\u00f3 Ana Mar\u00eda Herrarte, directora comercial de Plantosa. De la palabra &#8220;salvadore\u00f1a\u201d nacen dos marcas: SALVA, que es el caf\u00e9 de exportaci\u00f3n, y Dore\u00f1a para nuestro querido pa\u00eds.<\/p>\n\n\n\n<p><\/p>\n\n\n\n<p>La renovaci\u00f3n de la imagen de Caf\u00e9 Dore\u00f1a fue presentada de manera impactante durante el evento, en el cual se exhibi\u00f3 la nueva marca con los colores que rinden homenaje a la bandera salvadore\u00f1a y detalles que evocan la \u00e9poca dorada del caf\u00e9 en el pa\u00eds. Adem\u00e1s, se lanz\u00f3 el nuevo empaque que estar\u00e1 a la venta en los supermercados. Este emocionante despliegue no solo reflej\u00f3 el compromiso de la marca con la calidad del caf\u00e9, sino tambi\u00e9n su dedicaci\u00f3n a un continuar con el legado de calidad de caf\u00e9.<\/p>\n\n\n\n<p><\/p>\n\n\n\n<p>&#8220;Pensar en las generaciones actuales nos ha inspirado. Estamos emocionados de compartir nuestra historia con un nuevo lenguaje. Y ahora, queremos invitarlos a que tambi\u00e9n sean pioneros, a que se atrevan\u201d comparti\u00f3 Herrarte.<\/p>\n","protected":false},"excerpt":{"rendered":"<p>Plantosa retoma la historia de Caf\u00e9 Dore\u00f1a al revelar su nueva imagen donde rinden homenaje a los 70 a\u00f1os de la primera marca de caf\u00e9 Premium que naci\u00f3 en El Salvador. Plantosa present\u00f3 la nueva imagen de Caf\u00e9 Dore\u00f1a .Esta presentaci\u00f3n marc\u00f3 un paso significativo en los 70 a\u00f1os de historia de la marca, honrando [&hellip;]<\/p>\n","protected":false},"author":2,"featured_media":18411,"comment_status":"open","ping_status":"open","sticky":false,"template":"","format":"standard","meta":{"tdm_status":"","tdm_grid_status":"","footnotes":""},"categories":[17],"tags":[],"class_list":{"0":"post-18410","1":"post","2":"type-post","3":"status-publish","4":"format-standard","5":"has-post-thumbnail","7":"category-excelencia-empresarial"},"jetpack_featured_media_url":"https:\/\/www.newsmillenium.com\/wp-content\/uploads\/2023\/11\/portada-1-Plantosa-Dorena-3..jpg","amp_enabled":true,"_links":{"self":[{"href":"https:\/\/www.newsmillenium.com\/index.php\/wp-json\/wp\/v2\/posts\/18410","targetHints":{"allow":["GET"]}}],"collection":[{"href":"https:\/\/www.newsmillenium.com\/index.php\/wp-json\/wp\/v2\/posts"}],"about":[{"href":"https:\/\/www.newsmillenium.com\/index.php\/wp-json\/wp\/v2\/types\/post"}],"author":[{"embeddable":true,"href":"https:\/\/www.newsmillenium.com\/index.php\/wp-json\/wp\/v2\/users\/2"}],"replies":[{"embeddable":true,"href":"https:\/\/www.newsmillenium.com\/index.php\/wp-json\/wp\/v2\/comments?post=18410"}],"version-history":[{"count":1,"href":"https:\/\/www.newsmillenium.com\/index.php\/wp-json\/wp\/v2\/posts\/18410\/revisions"}],"predecessor-version":[{"id":18412,"href":"https:\/\/www.newsmillenium.com\/index.php\/wp-json\/wp\/v2\/posts\/18410\/revisions\/18412"}],"wp:featuredmedia":[{"embeddable":true,"href":"https:\/\/www.newsmillenium.com\/index.php\/wp-json\/wp\/v2\/media\/18411"}],"wp:attachment":[{"href":"https:\/\/www.newsmillenium.com\/index.php\/wp-json\/wp\/v2\/media?parent=18410"}],"wp:term":[{"taxonomy":"category","embeddable":true,"href":"https:\/\/www.newsmillenium.com\/index.php\/wp-json\/wp\/v2\/categories?post=18410"},{"taxonomy":"post_tag","embeddable":true,"href":"https:\/\/www.newsmillenium.com\/index.php\/wp-json\/wp\/v2\/tags?post=18410"}],"curies":[{"name":"wp","href":"https:\/\/api.w.org\/{rel}","templated":true}]}}