{"id":18189,"date":"2023-11-08T07:05:47","date_gmt":"2023-11-08T13:05:47","guid":{"rendered":"https:\/\/www.newsmillenium.com\/?p=18189"},"modified":"2023-11-08T07:05:51","modified_gmt":"2023-11-08T13:05:51","slug":"estados-unidos-fortalece-relaciones-bilaterales-con-el-salvador-y-costa-rica","status":"publish","type":"post","link":"https:\/\/www.newsmillenium.com\/index.php\/2023\/11\/08\/estados-unidos-fortalece-relaciones-bilaterales-con-el-salvador-y-costa-rica\/","title":{"rendered":"Estados Unidos fortalece relaciones bilaterales con El Salvador y Costa Rica"},"content":{"rendered":"\n<p>La Sub secretaria de Comercio Internacional, Marisa Lago, viajar\u00e1 a El Salvador y Costa Rica del 8 al 14 de noviembre del 2023 para fortalecer las relaciones bilaterales, fomentar el aumento del comercio y la inversi\u00f3n, fortalecer el entorno empresarial y promover soluciones de empresas estadounidenses para las oportunidades digitales en Am\u00e9rica Latina.<\/p>\n\n\n\n<p><\/p>\n\n\n\n<p>En San Salvador, El Salvador, la Sub secretaria Lago se reunir\u00e1 con funcionarios del gobierno y representantes de la industria para discutir las prioridades clave en la relaci\u00f3n bilateral entre Estados Unidos y El Salvador, incluyendo la colaboraci\u00f3n en el entorno empresarial y la econom\u00eda digital. Tambi\u00e9n visitar\u00e1 una planta de reciclaje y fabricaci\u00f3n para conocer una empresa salvadore\u00f1a innovadora que busca invertir en Estados Unidos. M\u00e1s tarde, participar\u00e1 en una mesa redonda sobre el apoyo a las mujeres en el comercio organizada por la C\u00e1mara de Comercio Americana en El Salvador.<\/p>\n\n\n\n<p><\/p>\n\n\n\n<p>Se reunir\u00e1 con la Ministra de Econom\u00eda, Mar\u00eda Luisa Hayem, el Secretario de Comercio e Inversi\u00f3n, Miguel Kattan, y otros funcionarios para conocer el entorno regulador digital de El Salvador y debatir herramientas que faciliten el comercio y el crecimiento econ\u00f3mico.<\/p>\n\n\n\n<p><\/p>\n\n\n\n<p>El 11 de noviembre, la subsecretaria Lago viajar\u00e1 a San Jos\u00e9, Costa Rica, donde se reunir\u00e1 con altos funcionarios del Gobierno para hablar sobre las formas en que el Gobierno estadounidense puede reforzar la colaboraci\u00f3n en los sectores de la econom\u00eda digital, la ciberseguridad y la tecnolog\u00eda sanitaria. Tambi\u00e9n participar\u00e1 en una mesa redonda con empresas estadounidenses y locales sobre la creaci\u00f3n del Centro de Excelencia de la Alianza de las Am\u00e9ricas para la Prosperidad Econ\u00f3mica (APEP por sus siglas en ingl\u00e9s) para debatir los esfuerzos bilaterales para reforzar la resistencia de la cadena de suministros y apoyar el crecimiento econ\u00f3mico en sectores tecnol\u00f3gicos digitales cr\u00edticos.<\/p>\n\n\n\n<p><\/p>\n\n\n\n<p>La Subsecretaria Lago tambi\u00e9n visitar\u00e1 las instalaciones de Boeing para ver su trabajo conjunto con el proveedor costarricense de mantenimiento, reparaci\u00f3n y revisi\u00f3n (MRO) COOPESA y aprender c\u00f3mo est\u00e1n trabajando para satisfacer la demanda mundial en la industria del transporte de carga a\u00e9rea. Se reunir\u00e1 con otras empresas estadounidenses para conocer su labor de suministro de dispositivos m\u00e9dicos y productos farmac\u00e9uticos estadounidenses a Costa Rica y a la regi\u00f3n. Tambi\u00e9n se reunir\u00e1 con mujeres empresarias l\u00edderes para hablar sobre c\u00f3mo el gobierno de EE.UU. puede crear un entorno empresarial propicio para las mujeres l\u00edderes y avanzar en temas de la pr\u00f3xima Misi\u00f3n Comercial de Mujeres Empresarias a Costa Rica, liderada por el Departamento de Comercio de EE.UU. en marzo de 2024.<\/p>\n","protected":false},"excerpt":{"rendered":"<p>La Sub secretaria de Comercio Internacional, Marisa Lago, viajar\u00e1 a El Salvador y Costa Rica del 8 al 14 de noviembre del 2023 para fortalecer las relaciones bilaterales, fomentar el aumento del comercio y la inversi\u00f3n, fortalecer el entorno empresarial y promover soluciones de empresas estadounidenses para las oportunidades digitales en Am\u00e9rica Latina. En San [&hellip;]<\/p>\n","protected":false},"author":2,"featured_media":18190,"comment_status":"open","ping_status":"open","sticky":false,"template":"","format":"standard","meta":{"tdm_status":"","tdm_grid_status":"","footnotes":""},"categories":[14,3],"tags":[],"class_list":{"0":"post-18189","1":"post","2":"type-post","3":"status-publish","4":"format-standard","5":"has-post-thumbnail","7":"category-destacads","8":"category-internacional"},"jetpack_featured_media_url":"https:\/\/www.newsmillenium.com\/wp-content\/uploads\/2023\/11\/MarisaLago-siiii.jpg","amp_enabled":true,"_links":{"self":[{"href":"https:\/\/www.newsmillenium.com\/index.php\/wp-json\/wp\/v2\/posts\/18189","targetHints":{"allow":["GET"]}}],"collection":[{"href":"https:\/\/www.newsmillenium.com\/index.php\/wp-json\/wp\/v2\/posts"}],"about":[{"href":"https:\/\/www.newsmillenium.com\/index.php\/wp-json\/wp\/v2\/types\/post"}],"author":[{"embeddable":true,"href":"https:\/\/www.newsmillenium.com\/index.php\/wp-json\/wp\/v2\/users\/2"}],"replies":[{"embeddable":true,"href":"https:\/\/www.newsmillenium.com\/index.php\/wp-json\/wp\/v2\/comments?post=18189"}],"version-history":[{"count":1,"href":"https:\/\/www.newsmillenium.com\/index.php\/wp-json\/wp\/v2\/posts\/18189\/revisions"}],"predecessor-version":[{"id":18191,"href":"https:\/\/www.newsmillenium.com\/index.php\/wp-json\/wp\/v2\/posts\/18189\/revisions\/18191"}],"wp:featuredmedia":[{"embeddable":true,"href":"https:\/\/www.newsmillenium.com\/index.php\/wp-json\/wp\/v2\/media\/18190"}],"wp:attachment":[{"href":"https:\/\/www.newsmillenium.com\/index.php\/wp-json\/wp\/v2\/media?parent=18189"}],"wp:term":[{"taxonomy":"category","embeddable":true,"href":"https:\/\/www.newsmillenium.com\/index.php\/wp-json\/wp\/v2\/categories?post=18189"},{"taxonomy":"post_tag","embeddable":true,"href":"https:\/\/www.newsmillenium.com\/index.php\/wp-json\/wp\/v2\/tags?post=18189"}],"curies":[{"name":"wp","href":"https:\/\/api.w.org\/{rel}","templated":true}]}}